{"id":19585,"date":"2005-08-11T00:00:00","date_gmt":"2005-08-10T22:00:00","guid":{"rendered":"https:\/\/master.greenpeace.ch\/beitrag\/19585\/diese-reise-lohnt-sich-last-call-for-mr-roch\/"},"modified":"2019-05-30T14:56:32","modified_gmt":"2019-05-30T12:56:32","slug":"diese-reise-lohnt-sich-last-call-for-mr-roch","status":"publish","type":"post","link":"https:\/\/www.greenpeace.ch\/de\/story\/19585\/diese-reise-lohnt-sich-last-call-for-mr-roch\/","title":{"rendered":"Diese Reise lohnt sich: \u00abLast call for Mr. Roch\u00bb"},"content":{"rendered":"<p><b>Vom 16. bis 19. August 05 findet in Gr\u00f6nland das informelle, aber \u00e4usserst wichtige Vorbereitungstreffen f\u00fcr die Kyoto-Nachfolgeverhandlungen statt. Gestern wurde bekannt, dass die Schweiz dort nicht vertreten sein wird. Greenpeace bedauert dies, da die Schweiz als ein von der Klimaver\u00e4nderung besonders stark betroffenes Land eine wichtige Stimme hat. Heute um elf Uhr \u00fcberbrachten 15 AktivistInnen den Schweizer Klimabeauftragten BUWAL-Direktor Roch und Botschafter Nobs zwei \u00fcbergrosse Tickets mit der Aufforderung, doch noch nach Gr\u00f6nland zu reisen.<\/b><\/p>\n<div>\n<div class=\"events-box small-box left\">\n<div class=\"frame\">\n        <a class=\"open-img EnlargeImage\" href=\"https:\/\/www.greenpeace.ch\/static\/planet4-switzerland-stateless\/2019\/05\/7c2dda3e-7c2dda3e-pic278.jpg\" title=\"\"><br \/>\n            <img decoding=\"async\" id=\"ctl00_cphContentArea_Property3_ctl00_ctl02_Image1\" class=\"Thumbnail\" src=\"https:\/\/www.greenpeace.ch\/static\/planet4-switzerland-stateless\/2019\/05\/7c2dda3e-7c2dda3e-pic278.jpg\" alt=\"\" style=\"border-width:0px;\"><\/p>\n<p>        <\/a>\n    <\/div>\n<div class=\"events-content no-title\">\n        <span class=\"date\"><\/span><br \/>\n        <strong><\/strong><\/p>\n<p>\n            \u00a9 Scheu  \/ Greenpeace\n        <\/p>\n<\/p>\n<\/div>\n<\/div>\n<p class=\"bodytext\">Bern. \u00abClimate Express to Greenland departing at 5 to 12: Last call for the Swiss delegates,\u00bb forderte eine Lautsprecherstimme Roch und Nobs zur sofortigen Abreise auf. In einem f\u00fcr sie bereits gepackten Koffer enthalten war eine Liste mit Anliegen, f\u00fcr welche sich die Delegierten in Gr\u00f6nland einsetzen sollen.<\/p>\n<\/div>\n","protected":false},"excerpt":{"rendered":"<p>Vom 16. bis 19. August 05 findet in Gr\u00f6nland das informelle, aber \u00e4usserst wichtige Vorbereitungstreffen f\u00fcr die Kyoto-Nachfolgeverhandlungen statt. Gestern wurde bekannt, dass die Schweiz dort nicht vertreten sein wird.&hellip;<\/p>\n","protected":false},"author":23,"featured_media":19587,"comment_status":"closed","ping_status":"open","sticky":false,"template":"","format":"standard","meta":{"_acf_changed":false,"_planet4_optimize_post_is_variant":false,"_planet4_optimize_experiment_name":"","_planet4_optimize_variant_name":"","ep_exclude_from_search":false,"p4_og_title":"","p4_og_description":"","p4_og_image":"","p4_og_image_id":"","p4_seo_canonical_url":"","p4_campaign_name":"","p4_local_project":"","p4_basket_name":"","p4_department":"","footnotes":""},"categories":[1],"tags":[],"p4-page-type":[75],"gpch-article-type":[],"class_list":["post-19585","post","type-post","status-publish","format-standard","has-post-thumbnail","hentry","category-unkategorisiert","p4-page-type-story"],"acf":[],"_links":{"self":[{"href":"https:\/\/www.greenpeace.ch\/de\/wp-json\/wp\/v2\/posts\/19585","targetHints":{"allow":["GET"]}}],"collection":[{"href":"https:\/\/www.greenpeace.ch\/de\/wp-json\/wp\/v2\/posts"}],"about":[{"href":"https:\/\/www.greenpeace.ch\/de\/wp-json\/wp\/v2\/types\/post"}],"author":[{"embeddable":true,"href":"https:\/\/www.greenpeace.ch\/de\/wp-json\/wp\/v2\/users\/23"}],"replies":[{"embeddable":true,"href":"https:\/\/www.greenpeace.ch\/de\/wp-json\/wp\/v2\/comments?post=19585"}],"version-history":[{"count":0,"href":"https:\/\/www.greenpeace.ch\/de\/wp-json\/wp\/v2\/posts\/19585\/revisions"}],"wp:featuredmedia":[{"embeddable":true,"href":"https:\/\/www.greenpeace.ch\/de\/wp-json\/wp\/v2\/media\/19587"}],"wp:attachment":[{"href":"https:\/\/www.greenpeace.ch\/de\/wp-json\/wp\/v2\/media?parent=19585"}],"wp:term":[{"taxonomy":"category","embeddable":true,"href":"https:\/\/www.greenpeace.ch\/de\/wp-json\/wp\/v2\/categories?post=19585"},{"taxonomy":"post_tag","embeddable":true,"href":"https:\/\/www.greenpeace.ch\/de\/wp-json\/wp\/v2\/tags?post=19585"},{"taxonomy":"p4-page-type","embeddable":true,"href":"https:\/\/www.greenpeace.ch\/de\/wp-json\/wp\/v2\/p4-page-type?post=19585"},{"taxonomy":"gpch-article-type","embeddable":true,"href":"https:\/\/www.greenpeace.ch\/de\/wp-json\/wp\/v2\/gpch-article-type?post=19585"}],"curies":[{"name":"wp","href":"https:\/\/api.w.org\/{rel}","templated":true}]}}