{"id":19657,"date":"2005-06-19T00:00:00","date_gmt":"2005-06-18T22:00:00","guid":{"rendered":"https:\/\/master.greenpeace.ch\/beitrag\/19657\/greenpeace-projektion-fuer-den-schutz-der-wale\/"},"modified":"2019-05-30T14:58:07","modified_gmt":"2019-05-30T12:58:07","slug":"greenpeace-projektion-fuer-den-schutz-der-wale","status":"publish","type":"post","link":"https:\/\/www.greenpeace.ch\/de\/story\/19657\/greenpeace-projektion-fuer-den-schutz-der-wale\/","title":{"rendered":"Greenpeace-Projektion f\u00fcr den Schutz der Wale"},"content":{"rendered":"<p><b>Die Delegierten des 57. j\u00e4hrlichen Treffens der Internationalen Walfangkommission IWC wurden im s\u00fcdkoreanischen Ulsan von Greenpeace empfangen.<\/b><\/p>\n<div>\n<div class=\"events-box small-box left\">\n<div class=\"frame\">\n        <a class=\"open-img EnlargeImage\" href=\"https:\/\/www.greenpeace.ch\/static\/planet4-switzerland-stateless\/2019\/05\/88f681ec-88f681ec-pic300.jpg\" title=\"\"><br \/>\n            <img decoding=\"async\" id=\"ctl00_cphContentArea_Property3_ctl00_ctl01_Image1\" class=\"Thumbnail\" src=\"https:\/\/www.greenpeace.ch\/static\/planet4-switzerland-stateless\/2019\/05\/88f681ec-88f681ec-pic300.jpg\" alt=\"\" style=\"border-width:0px;\"><\/p>\n<p>        <\/a>\n    <\/div>\n<div class=\"events-content no-title\">\n        <span class=\"date\"><\/span><br \/>\n        <strong><\/strong><\/p>\n<p>\n            \u00a9 Greenpeace \/ Jeremy Sutton-Hibbert\n        <\/p>\n<\/p>\n<\/div>\n<\/div>\n<p class=\"bodytext\">Ulsan\/Z\u00fcrich. Begleitet von Walges\u00e4ngen<br \/>\nprojizierte die Umweltorganisation Botschaften von Menschen aus der<br \/>\nganzen Welt, die einen umfassenden Schutz der Wale fordern. In den<br \/>\nletzten vier Wochen sind auf der Website zum \u00abVirtual March\u00bb<br \/>\ningesamt rund 50&#8217;000 Stimmen aus 120 L\u00e4ndern gegen den Walfang<br \/>\neingegangen.<\/p>\n<ul class=\"action-items\">\n<li><a href=\"http:\/\/whales.greenpeace.org\/\" target=\"neu\" class=\"normal\" rel=\"noopener noreferrer\">Die Website des Virtual March (Engl.)<\/a><\/li>\n<li><span class=\"linkliste\"><a href=\"http:\/\/www.wspa.de\/news\/showarticle.php?id=117\" target=\"wspa\" class=\"normal\" rel=\"noopener noreferrer\">Neues, schockierendes Filmmaterial enth\u00fcllt Brutalit\u00e4t des Walfangs  (WSPA)<\/a><\/span><\/li>\n<\/ul>\n<\/div>\n","protected":false},"excerpt":{"rendered":"<p>Die Delegierten des 57. j\u00e4hrlichen Treffens der Internationalen Walfangkommission IWC wurden im s\u00fcdkoreanischen Ulsan von Greenpeace empfangen. \u00a9 Greenpeace \/ Jeremy Sutton-Hibbert Ulsan\/Z\u00fcrich. Begleitet von Walges\u00e4ngen projizierte die Umweltorganisation Botschaften&hellip;<\/p>\n","protected":false},"author":23,"featured_media":19659,"comment_status":"closed","ping_status":"open","sticky":false,"template":"","format":"standard","meta":{"_acf_changed":false,"_planet4_optimize_post_is_variant":false,"_planet4_optimize_experiment_name":"","_planet4_optimize_variant_name":"","ep_exclude_from_search":false,"p4_og_title":"","p4_og_description":"","p4_og_image":"","p4_og_image_id":"","p4_seo_canonical_url":"","p4_campaign_name":"","p4_local_project":"","p4_basket_name":"","p4_department":"","footnotes":""},"categories":[1],"tags":[],"p4-page-type":[75],"gpch-article-type":[],"class_list":["post-19657","post","type-post","status-publish","format-standard","has-post-thumbnail","hentry","category-unkategorisiert","p4-page-type-story"],"acf":[],"_links":{"self":[{"href":"https:\/\/www.greenpeace.ch\/de\/wp-json\/wp\/v2\/posts\/19657","targetHints":{"allow":["GET"]}}],"collection":[{"href":"https:\/\/www.greenpeace.ch\/de\/wp-json\/wp\/v2\/posts"}],"about":[{"href":"https:\/\/www.greenpeace.ch\/de\/wp-json\/wp\/v2\/types\/post"}],"author":[{"embeddable":true,"href":"https:\/\/www.greenpeace.ch\/de\/wp-json\/wp\/v2\/users\/23"}],"replies":[{"embeddable":true,"href":"https:\/\/www.greenpeace.ch\/de\/wp-json\/wp\/v2\/comments?post=19657"}],"version-history":[{"count":0,"href":"https:\/\/www.greenpeace.ch\/de\/wp-json\/wp\/v2\/posts\/19657\/revisions"}],"wp:featuredmedia":[{"embeddable":true,"href":"https:\/\/www.greenpeace.ch\/de\/wp-json\/wp\/v2\/media\/19659"}],"wp:attachment":[{"href":"https:\/\/www.greenpeace.ch\/de\/wp-json\/wp\/v2\/media?parent=19657"}],"wp:term":[{"taxonomy":"category","embeddable":true,"href":"https:\/\/www.greenpeace.ch\/de\/wp-json\/wp\/v2\/categories?post=19657"},{"taxonomy":"post_tag","embeddable":true,"href":"https:\/\/www.greenpeace.ch\/de\/wp-json\/wp\/v2\/tags?post=19657"},{"taxonomy":"p4-page-type","embeddable":true,"href":"https:\/\/www.greenpeace.ch\/de\/wp-json\/wp\/v2\/p4-page-type?post=19657"},{"taxonomy":"gpch-article-type","embeddable":true,"href":"https:\/\/www.greenpeace.ch\/de\/wp-json\/wp\/v2\/gpch-article-type?post=19657"}],"curies":[{"name":"wp","href":"https:\/\/api.w.org\/{rel}","templated":true}]}}