{"id":19681,"date":"2005-06-16T00:00:00","date_gmt":"2005-06-15T22:00:00","guid":{"rendered":"https:\/\/master.greenpeace.ch\/beitrag\/19681\/bundesbern-geht-in-die-ferien-ozonproblem-ungeloest-2\/"},"modified":"2022-03-31T17:47:16","modified_gmt":"2022-03-31T15:47:16","slug":"uber-eine-million-ozonopfer","status":"publish","type":"post","link":"https:\/\/www.greenpeace.ch\/de\/story\/19681\/uber-eine-million-ozonopfer\/","title":{"rendered":"\u00dcber eine Million Ozonopfer"},"content":{"rendered":"<p><b>Die Schweiz hat auch diesen Sommer \u00fcber eine Million Ozonopfer zu beklagen. Bundesbern scheint\u2019s nicht zu k\u00fcmmern: eine weitere Session geht zu Ende, ohne dass konkrete Massnahmen gegen ozonbedingte Gesundheitssch\u00e4den beschlossen wurden. Greenpeace ist nicht l\u00e4nger gewillt, diesem Trauerspiel zuzusehen und forderte heute morgen mit einer Aktion auf dem Bundesplatz verst\u00e4rkte Massnahmen vom Parlament. Greenpeace verlangt Massnahmen zur Treibstoffreduktion im Strassenverkehr. Nur so kann die Ozonbelastung gemindert werden. Positiver Effekt: weniger Schadstoffe und Treibhausgase, also mehr Volksgesundheit und Klimaschutz.<\/b><\/p>\n<div>\n<p class=\"bodytext\">Bern. Greenpeace installierte heute Morgen ein Mahnmal auf dem Bundesplatz: 60 menschliche Silhouetten mit brandrot gef\u00e4rbten Atemwegen, stellvertretend f\u00fcr hunderttausende von Schweizer Ozonopfern. Warntafeln wiesen auf die Quelle des \u00dcbels hin: den zu hohen Treibstoffverbrauch des Strassenverkehrs. Aktivisten und Aktivistinnen verteilten Flyer mit Forderungen an die Parlamentsmitglieder.<\/p>\n<\/div>\n","protected":false},"excerpt":{"rendered":"<p>Greenpeace setzt sich ein f\u00fcr Massnahmen zur Treibstoffreduktion im Strassenverkehr, um noch mehr Ozonopfer zu verhindern.<\/p>\n","protected":false},"author":23,"featured_media":0,"comment_status":"closed","ping_status":"open","sticky":false,"template":"","format":"standard","meta":{"_acf_changed":false,"_planet4_optimize_post_is_variant":false,"_planet4_optimize_experiment_name":"","_planet4_optimize_variant_name":"","ep_exclude_from_search":false,"p4_og_title":"","p4_og_description":"","p4_og_image":"","p4_og_image_id":"","p4_seo_canonical_url":"","p4_campaign_name":"not set","p4_local_project":"not set","p4_basket_name":"not set","p4_department":"","footnotes":""},"categories":[1],"tags":[],"p4-page-type":[75],"gpch-article-type":[],"class_list":["post-19681","post","type-post","status-publish","format-standard","hentry","category-unkategorisiert","p4-page-type-story"],"acf":[],"_links":{"self":[{"href":"https:\/\/www.greenpeace.ch\/de\/wp-json\/wp\/v2\/posts\/19681","targetHints":{"allow":["GET"]}}],"collection":[{"href":"https:\/\/www.greenpeace.ch\/de\/wp-json\/wp\/v2\/posts"}],"about":[{"href":"https:\/\/www.greenpeace.ch\/de\/wp-json\/wp\/v2\/types\/post"}],"author":[{"embeddable":true,"href":"https:\/\/www.greenpeace.ch\/de\/wp-json\/wp\/v2\/users\/23"}],"replies":[{"embeddable":true,"href":"https:\/\/www.greenpeace.ch\/de\/wp-json\/wp\/v2\/comments?post=19681"}],"version-history":[{"count":0,"href":"https:\/\/www.greenpeace.ch\/de\/wp-json\/wp\/v2\/posts\/19681\/revisions"}],"wp:attachment":[{"href":"https:\/\/www.greenpeace.ch\/de\/wp-json\/wp\/v2\/media?parent=19681"}],"wp:term":[{"taxonomy":"category","embeddable":true,"href":"https:\/\/www.greenpeace.ch\/de\/wp-json\/wp\/v2\/categories?post=19681"},{"taxonomy":"post_tag","embeddable":true,"href":"https:\/\/www.greenpeace.ch\/de\/wp-json\/wp\/v2\/tags?post=19681"},{"taxonomy":"p4-page-type","embeddable":true,"href":"https:\/\/www.greenpeace.ch\/de\/wp-json\/wp\/v2\/p4-page-type?post=19681"},{"taxonomy":"gpch-article-type","embeddable":true,"href":"https:\/\/www.greenpeace.ch\/de\/wp-json\/wp\/v2\/gpch-article-type?post=19681"}],"curies":[{"name":"wp","href":"https:\/\/api.w.org\/{rel}","templated":true}]}}