{"id":19693,"date":"2005-05-25T00:00:00","date_gmt":"2005-05-24T22:00:00","guid":{"rendered":"https:\/\/master.greenpeace.ch\/beitrag\/19693\/unerwartete-wende-bevoelkerung-solidarisiert-sich-mit-greenpeace-wal-camp-in-ulsan-suedkorea\/"},"modified":"2019-05-30T14:58:55","modified_gmt":"2019-05-30T12:58:55","slug":"unerwartete-wende-bevoelkerung-solidarisiert-sich-mit-greenpeace-wal-camp-in-ulsan-suedkorea","status":"publish","type":"post","link":"https:\/\/www.greenpeace.ch\/de\/story\/19693\/unerwartete-wende-bevoelkerung-solidarisiert-sich-mit-greenpeace-wal-camp-in-ulsan-suedkorea\/","title":{"rendered":"Unerwartete Wende: Bev\u00f6lkerung solidarisiert sich mit Greenpeace Wal-Camp in Ulsan\/S\u00fcdkorea"},"content":{"rendered":"<p><b>Seit rund zwei Wochen h\u00e4lt Greenpeace ein Gel\u00e4nde in Ulsan\/S\u00fcdkorea besetzt. Ein Schweizer und eine Schweizerin nehmen an diesem Protest vor Ort teil. Grund: Der geplante Bau einer Walfleisch-Fabrik.<\/b><\/p>\n<div>\n<div class=\"events-box small-box left\">\n<div class=\"frame\">\n        <a class=\"open-img EnlargeImage\" href=\"https:\/\/www.greenpeace.ch\/static\/planet4-switzerland-stateless\/2019\/05\/3a666418-3a666418-pic308.jpg\" title=\"\"><br \/>\n            <img decoding=\"async\" id=\"ctl00_cphContentArea_Property3_ctl00_ctl01_Image1\" class=\"Thumbnail\" src=\"https:\/\/www.greenpeace.ch\/static\/planet4-switzerland-stateless\/2019\/05\/3a666418-3a666418-pic308.jpg\" alt=\"\" style=\"border-width:0px;\"><\/p>\n<p>        <\/a>\n    <\/div>\n<div class=\"events-content no-title\">\n        <span class=\"date\"><\/span><br \/>\n        <strong><\/strong><\/p>\n<p>\n            \u00a9 J.S.Hibbert \/ Greenpeace\n        <\/p>\n<\/p>\n<\/div>\n<\/div>\n<p class=\"bodytext\">Ulsan\/Z\u00fcrich. F\u00fcr heute rechnete man mit einer<br \/>\nR\u00e4umung des Gel\u00e4ndes veranlasst durch die Bev\u00f6lkerung, vor allem<br \/>\nFischer, die sich in ihrer wirtschaftlichen Existenz bedroht sahen.<br \/>\nStatt zu einer Konfrontation kam es zu einer unerwarteten Wende.<br \/>\nVertreter der Fischer liessen sich in ein Gespr\u00e4ch mit den<br \/>\nGreenpeace-Aktivisten ein.<\/p>\n<p class=\"bodytext\">Dabei erfuhren sie von den M\u00f6glichkeiten des<br \/>\n\u00abWhale Watching\u00bb-Tourismus und liessen sich davon \u00fcberzeugen, mehr<br \/>\n\u00fcber andere wirtschaftliche Nutzungsm\u00f6glichkeiten im Zusammenhang<br \/>\nmit Walen zu erfahren. Die Versammlung endete schliesslich in<br \/>\nregelrechten Verbr\u00fcderungsszenen und das R\u00e4umungskommando der<br \/>\nPolizei zog unverrichteter Dinge wieder ab.<\/p>\n<p class=\"bodytext\">Es wurde unter anderem vereinbart, dass das<br \/>\nGreenpeace Camp bis zur Sitzung des International Whaling<br \/>\nCommission (IWC) fortgef\u00fchrt werden kann.<\/p>\n<p class=\"bodytext\">Ab dem 20. Juni befinden Vertreter aus \u00fcber 100<br \/>\nNationen am Treffen der International Whale Comission (IWC) In<br \/>\nUlsan \u00fcber das k\u00fcnftige Schicksal von Walen. Der<br \/>\nGreenpeace-Onlineprotest (Virtual March) ist eine Chance, die<br \/>\nIWC-Teilnehmenden direkt zu erreichen und sich f\u00fcr den Schutz des<br \/>\nWalfang-Moratoriums stark zu machen.<\/p>\n<ul class=\"action-items\">\n<li><a href=\"http:\/\/whales.greenpeace.org\/\" target=\"gpi\" class=\"normal\" rel=\"noopener noreferrer\">Zum Virtual March (engl.)<\/a><\/li>\n<\/ul>\n<\/div>\n","protected":false},"excerpt":{"rendered":"<p>Seit rund zwei Wochen h\u00e4lt Greenpeace ein Gel\u00e4nde in Ulsan\/S\u00fcdkorea besetzt. Ein Schweizer und eine Schweizerin nehmen an diesem Protest vor Ort teil. Grund: Der geplante Bau einer Walfleisch-Fabrik. \u00a9&hellip;<\/p>\n","protected":false},"author":23,"featured_media":19695,"comment_status":"closed","ping_status":"open","sticky":false,"template":"","format":"standard","meta":{"_acf_changed":false,"_planet4_optimize_post_is_variant":false,"_planet4_optimize_experiment_name":"","_planet4_optimize_variant_name":"","ep_exclude_from_search":false,"p4_og_title":"","p4_og_description":"","p4_og_image":"","p4_og_image_id":"","p4_seo_canonical_url":"","p4_campaign_name":"","p4_local_project":"","p4_basket_name":"","p4_department":"","footnotes":""},"categories":[1],"tags":[],"p4-page-type":[75],"gpch-article-type":[],"class_list":["post-19693","post","type-post","status-publish","format-standard","has-post-thumbnail","hentry","category-unkategorisiert","p4-page-type-story"],"acf":[],"_links":{"self":[{"href":"https:\/\/www.greenpeace.ch\/de\/wp-json\/wp\/v2\/posts\/19693","targetHints":{"allow":["GET"]}}],"collection":[{"href":"https:\/\/www.greenpeace.ch\/de\/wp-json\/wp\/v2\/posts"}],"about":[{"href":"https:\/\/www.greenpeace.ch\/de\/wp-json\/wp\/v2\/types\/post"}],"author":[{"embeddable":true,"href":"https:\/\/www.greenpeace.ch\/de\/wp-json\/wp\/v2\/users\/23"}],"replies":[{"embeddable":true,"href":"https:\/\/www.greenpeace.ch\/de\/wp-json\/wp\/v2\/comments?post=19693"}],"version-history":[{"count":0,"href":"https:\/\/www.greenpeace.ch\/de\/wp-json\/wp\/v2\/posts\/19693\/revisions"}],"wp:featuredmedia":[{"embeddable":true,"href":"https:\/\/www.greenpeace.ch\/de\/wp-json\/wp\/v2\/media\/19695"}],"wp:attachment":[{"href":"https:\/\/www.greenpeace.ch\/de\/wp-json\/wp\/v2\/media?parent=19693"}],"wp:term":[{"taxonomy":"category","embeddable":true,"href":"https:\/\/www.greenpeace.ch\/de\/wp-json\/wp\/v2\/categories?post=19693"},{"taxonomy":"post_tag","embeddable":true,"href":"https:\/\/www.greenpeace.ch\/de\/wp-json\/wp\/v2\/tags?post=19693"},{"taxonomy":"p4-page-type","embeddable":true,"href":"https:\/\/www.greenpeace.ch\/de\/wp-json\/wp\/v2\/p4-page-type?post=19693"},{"taxonomy":"gpch-article-type","embeddable":true,"href":"https:\/\/www.greenpeace.ch\/de\/wp-json\/wp\/v2\/gpch-article-type?post=19693"}],"curies":[{"name":"wp","href":"https:\/\/api.w.org\/{rel}","templated":true}]}}