{"id":19705,"date":"2005-05-23T00:00:00","date_gmt":"2005-05-22T22:00:00","guid":{"rendered":"https:\/\/master.greenpeace.ch\/beitrag\/19705\/atomplaene-unverantwortlich-und-kurzsichtig-2\/"},"modified":"2019-05-30T14:59:10","modified_gmt":"2019-05-30T12:59:10","slug":"atomplaene-unverantwortlich-und-kurzsichtig-2","status":"publish","type":"post","link":"https:\/\/www.greenpeace.ch\/de\/story\/19705\/atomplaene-unverantwortlich-und-kurzsichtig-2\/","title":{"rendered":"Atompl\u00e4ne: Unverantwortlich und kurzsichtig"},"content":{"rendered":"<p><b>Greenpeace Schweiz weist die Pl\u00e4ne der Axpo f\u00fcr den Bau eines neuen Atomkraftwerks vehement zur\u00fcck. Die Umweltorganisation wird sich einem neuen Meiler mit allen Kr\u00e4ften entgegen stellen.<\/b><\/p>\n<div>\n<div class=\"events-box small-box left\">\n<div class=\"frame\">\n        <a class=\"open-img EnlargeImage\" href=\"https:\/\/www.greenpeace.ch\/static\/planet4-switzerland-stateless\/2019\/05\/e62a0bbd-e62a0bbd-pic301_01.jpg\" title=\"\"><br \/>\n            <img decoding=\"async\" id=\"ctl00_cphContentArea_Property3_ctl00_ctl02_Image1\" class=\"Thumbnail\" src=\"https:\/\/www.greenpeace.ch\/static\/planet4-switzerland-stateless\/2019\/05\/e62a0bbd-e62a0bbd-pic301_01.jpg\" alt=\"\" style=\"border-width:0px;\"><\/p>\n<p>        <\/a>\n    <\/div>\n<div class=\"events-content no-title\">\n        <span class=\"date\"><\/span><br \/>\n        <strong><\/strong><\/p>\n<p>\n            \u00a9 Cobbing \/ Greenpeace\n        <\/p>\n<\/p>\n<\/div>\n<\/div>\n<p class=\"bodytext\">Z\u00fcrich. In einem nachhaltigen Energieszenario hat die veraltete und dreckige Atomenergie keinen Platz. Denn das Argument der Industrie, dass Atomstrom das Klima sch\u00fctze, ist falsch und geh\u00f6rt ins Reich der Mythen und M\u00e4rchen.<\/p>\n<p class=\"bodytext\">Mit ihrer Forderung nach einem neuen AKW betreibt die Atomindustrie fatales Schattenboxen: Sie beschw\u00f6rt die &#8211; durchaus berechtigte &#8211; Angst vor dem Klimawandel und preist Atommeiler als Retter in der Not. Doch dieses Argument ist unredlich und dient nur dem \u00dcberleben der eigenen Industrie.<\/p>\n<\/div>\n","protected":false},"excerpt":{"rendered":"<p>Greenpeace Schweiz weist die Pl\u00e4ne der Axpo f\u00fcr den Bau eines neuen Atomkraftwerks vehement zur\u00fcck. Die Umweltorganisation wird sich einem neuen Meiler mit allen Kr\u00e4ften entgegen stellen. \u00a9 Cobbing \/&hellip;<\/p>\n","protected":false},"author":23,"featured_media":19707,"comment_status":"closed","ping_status":"open","sticky":false,"template":"","format":"standard","meta":{"_acf_changed":false,"_planet4_optimize_post_is_variant":false,"_planet4_optimize_experiment_name":"","_planet4_optimize_variant_name":"","ep_exclude_from_search":false,"p4_og_title":"","p4_og_description":"","p4_og_image":"","p4_og_image_id":"","p4_seo_canonical_url":"","p4_campaign_name":"","p4_local_project":"","p4_basket_name":"","p4_department":"","footnotes":""},"categories":[1],"tags":[],"p4-page-type":[75],"gpch-article-type":[],"class_list":["post-19705","post","type-post","status-publish","format-standard","has-post-thumbnail","hentry","category-unkategorisiert","p4-page-type-story"],"acf":[],"_links":{"self":[{"href":"https:\/\/www.greenpeace.ch\/de\/wp-json\/wp\/v2\/posts\/19705","targetHints":{"allow":["GET"]}}],"collection":[{"href":"https:\/\/www.greenpeace.ch\/de\/wp-json\/wp\/v2\/posts"}],"about":[{"href":"https:\/\/www.greenpeace.ch\/de\/wp-json\/wp\/v2\/types\/post"}],"author":[{"embeddable":true,"href":"https:\/\/www.greenpeace.ch\/de\/wp-json\/wp\/v2\/users\/23"}],"replies":[{"embeddable":true,"href":"https:\/\/www.greenpeace.ch\/de\/wp-json\/wp\/v2\/comments?post=19705"}],"version-history":[{"count":0,"href":"https:\/\/www.greenpeace.ch\/de\/wp-json\/wp\/v2\/posts\/19705\/revisions"}],"wp:featuredmedia":[{"embeddable":true,"href":"https:\/\/www.greenpeace.ch\/de\/wp-json\/wp\/v2\/media\/19707"}],"wp:attachment":[{"href":"https:\/\/www.greenpeace.ch\/de\/wp-json\/wp\/v2\/media?parent=19705"}],"wp:term":[{"taxonomy":"category","embeddable":true,"href":"https:\/\/www.greenpeace.ch\/de\/wp-json\/wp\/v2\/categories?post=19705"},{"taxonomy":"post_tag","embeddable":true,"href":"https:\/\/www.greenpeace.ch\/de\/wp-json\/wp\/v2\/tags?post=19705"},{"taxonomy":"p4-page-type","embeddable":true,"href":"https:\/\/www.greenpeace.ch\/de\/wp-json\/wp\/v2\/p4-page-type?post=19705"},{"taxonomy":"gpch-article-type","embeddable":true,"href":"https:\/\/www.greenpeace.ch\/de\/wp-json\/wp\/v2\/gpch-article-type?post=19705"}],"curies":[{"name":"wp","href":"https:\/\/api.w.org\/{rel}","templated":true}]}}