{"id":19713,"date":"2005-04-25T00:00:00","date_gmt":"2005-04-24T22:00:00","guid":{"rendered":"https:\/\/master.greenpeace.ch\/beitrag\/19713\/protest-an-syngenta-gv-gegen-patente-auf-saatgut-2\/"},"modified":"2019-05-30T14:59:21","modified_gmt":"2019-05-30T12:59:21","slug":"protest-an-syngenta-gv-gegen-patente-auf-saatgut-2","status":"publish","type":"post","link":"https:\/\/www.greenpeace.ch\/de\/story\/19713\/protest-an-syngenta-gv-gegen-patente-auf-saatgut-2\/","title":{"rendered":"Protest an Syngenta GV gegen Patente auf Saatgut"},"content":{"rendered":"<p><b>Anl\u00e4sslich der heutigen Generalversammlung von Syngenta protestierten Swissaid, Greenpeace und die Erkl\u00e4rung von Bern mit einer Aktion vor dem Eingang und direkten Interventionen in der Aktion\u00e4rsversammlung gegen Patente des Agrokonzerns, mit denen er versucht, wichtige Eigenschaften von Reis und anderen Nutzpflanzen f\u00fcr sich zu monopolisieren.<\/b><\/p>\n<div>\n<div class=\"events-box small-box left\">\n<div class=\"frame\">\n        <a class=\"open-img EnlargeImage\" href=\"https:\/\/www.greenpeace.ch\/static\/planet4-switzerland-stateless\/2019\/05\/f8914055-f8914055-pic327.jpg\" title=\"\"><br \/>\n            <img decoding=\"async\" id=\"ctl00_cphContentArea_Property3_ctl00_ctl01_Image1\" class=\"Thumbnail\" src=\"https:\/\/www.greenpeace.ch\/static\/planet4-switzerland-stateless\/2019\/05\/f8914055-f8914055-pic327.jpg\" alt=\"\" style=\"border-width:0px;\"><\/p>\n<p>        <\/a>\n    <\/div>\n<div class=\"events-content no-title\">\n        <span class=\"date\"><\/span><br \/>\n        <strong><\/strong><\/p>\n<p>\n            \u00a9 Walter &amp; Spehr \/ Greenpeace\n        <\/p>\n<\/p>\n<\/div>\n<\/div>\n<p class=\"bodytext\">Basel\/Z\u00fcrich. Leidtragende dieser breiten<br \/>\nPatentanspr\u00fcche sind Bauern und B\u00e4uerinnen, sowie Forschung und<br \/>\nPflanzenz\u00fcchtung. Die drei Organisationen fordern Syngenta auf,<br \/>\ndiese Patente zur\u00fcckzuziehen.<\/p>\n<ul class=\"action-items\">\n<li><a href=\"https:\/\/www.greenpeace.ch\/wp-content\/uploads\/2017\/01\/reis_flyer_syngenta260405.pdf\" title=\"Startet den Datei-Download\" target=\"_self\" rel=\"noopener noreferrer\">Flyer: Keine<br \/>\nSyngenta-Patente auf Leben! (download, 1 MB)<\/a><\/li>\n<li><a href=\"https:\/\/www.greenpeace.ch\/wp-content\/uploads\/2017\/01\/fs_syngenta_goldenreis.pdf\" title=\"Startet den Datei-Download\" target=\"_self\" rel=\"noopener noreferrer\">Studie: Syngenta<br \/>\n&#8211; Weltweites Monopol auf Reis-Saaten (download 77 KB)<\/a><\/li>\n<\/ul>\n<p class=\"bodytext\">\u00a0<\/p>\n<p class=\"bodytext\">\u00a0<\/p>\n<\/div>\n","protected":false},"excerpt":{"rendered":"<p>Anl\u00e4sslich der heutigen Generalversammlung von Syngenta protestierten Swissaid, Greenpeace und die Erkl\u00e4rung von Bern mit einer Aktion vor dem Eingang und direkten Interventionen in der Aktion\u00e4rsversammlung gegen Patente des Agrokonzerns,&hellip;<\/p>\n","protected":false},"author":23,"featured_media":19715,"comment_status":"closed","ping_status":"open","sticky":false,"template":"","format":"standard","meta":{"_acf_changed":false,"_planet4_optimize_post_is_variant":false,"_planet4_optimize_experiment_name":"","_planet4_optimize_variant_name":"","ep_exclude_from_search":false,"p4_og_title":"","p4_og_description":"","p4_og_image":"","p4_og_image_id":"","p4_seo_canonical_url":"","p4_campaign_name":"","p4_local_project":"","p4_basket_name":"","p4_department":"","footnotes":""},"categories":[1],"tags":[],"p4-page-type":[75],"gpch-article-type":[],"class_list":["post-19713","post","type-post","status-publish","format-standard","has-post-thumbnail","hentry","category-unkategorisiert","p4-page-type-story"],"acf":[],"_links":{"self":[{"href":"https:\/\/www.greenpeace.ch\/de\/wp-json\/wp\/v2\/posts\/19713","targetHints":{"allow":["GET"]}}],"collection":[{"href":"https:\/\/www.greenpeace.ch\/de\/wp-json\/wp\/v2\/posts"}],"about":[{"href":"https:\/\/www.greenpeace.ch\/de\/wp-json\/wp\/v2\/types\/post"}],"author":[{"embeddable":true,"href":"https:\/\/www.greenpeace.ch\/de\/wp-json\/wp\/v2\/users\/23"}],"replies":[{"embeddable":true,"href":"https:\/\/www.greenpeace.ch\/de\/wp-json\/wp\/v2\/comments?post=19713"}],"version-history":[{"count":0,"href":"https:\/\/www.greenpeace.ch\/de\/wp-json\/wp\/v2\/posts\/19713\/revisions"}],"wp:featuredmedia":[{"embeddable":true,"href":"https:\/\/www.greenpeace.ch\/de\/wp-json\/wp\/v2\/media\/19715"}],"wp:attachment":[{"href":"https:\/\/www.greenpeace.ch\/de\/wp-json\/wp\/v2\/media?parent=19713"}],"wp:term":[{"taxonomy":"category","embeddable":true,"href":"https:\/\/www.greenpeace.ch\/de\/wp-json\/wp\/v2\/categories?post=19713"},{"taxonomy":"post_tag","embeddable":true,"href":"https:\/\/www.greenpeace.ch\/de\/wp-json\/wp\/v2\/tags?post=19713"},{"taxonomy":"p4-page-type","embeddable":true,"href":"https:\/\/www.greenpeace.ch\/de\/wp-json\/wp\/v2\/p4-page-type?post=19713"},{"taxonomy":"gpch-article-type","embeddable":true,"href":"https:\/\/www.greenpeace.ch\/de\/wp-json\/wp\/v2\/gpch-article-type?post=19713"}],"curies":[{"name":"wp","href":"https:\/\/api.w.org\/{rel}","templated":true}]}}