{"id":19737,"date":"2005-04-14T00:00:00","date_gmt":"2005-04-13T22:00:00","guid":{"rendered":"https:\/\/master.greenpeace.ch\/beitrag\/19737\/moritz-leuenberger-helfen-sie-mit-urwald-zu-schuetzen\/"},"modified":"2019-05-30T14:59:52","modified_gmt":"2019-05-30T12:59:52","slug":"moritz-leuenberger-helfen-sie-mit-urwald-zu-schuetzen","status":"publish","type":"post","link":"https:\/\/www.greenpeace.ch\/de\/story\/19737\/moritz-leuenberger-helfen-sie-mit-urwald-zu-schuetzen\/","title":{"rendered":"Moritz Leuenberger, helfen Sie mit, Urwald zu sch\u00fctzen!"},"content":{"rendered":"<p><b>Zw\u00f6lf Mitglieder der Greenpeace Jugendaktion \u00abKids for Forests\u00bb haben heute der Bundesverwaltung eine Petition \u00fcbergeben: Die jungen Leute bitten den Bundesrat, die Bundesverwaltung umfassend urwaldfreundlich* zu gestalten. Hans-Rudolf D\u00f6rig, stv. Generalsekret\u00e4r des Departements Leuenberger, nahm die Petition f\u00fcr den abwesenden Bundesrat Moritz Leuenberger entgegen.<\/b><\/p>\n<div>\n<div class=\"events-box small-box left\">\n<div class=\"frame\">\n        <a class=\"open-img EnlargeImage\" href=\"https:\/\/www.greenpeace.ch\/static\/planet4-switzerland-stateless\/2019\/05\/5d102ea5-5d102ea5-pic331.jpg\" title=\"\"><br \/>\n            <img decoding=\"async\" id=\"ctl00_cphContentArea_Property3_ctl00_ctl02_Image1\" class=\"Thumbnail\" src=\"https:\/\/www.greenpeace.ch\/static\/planet4-switzerland-stateless\/2019\/05\/5d102ea5-5d102ea5-pic331.jpg\" alt=\"\" style=\"border-width:0px;\"><\/p>\n<p>        <\/a>\n    <\/div>\n<div class=\"events-content no-title\">\n        <span class=\"date\"><\/span><br \/>\n        <strong><\/strong><\/p>\n<p>\n            \u00a9 Greenpeace\n        <\/p>\n<\/p>\n<\/div>\n<\/div>\n<p class=\"bodytext\"><strong>Einw\u00f6chige VeloToUrwald durch die Schweiz<\/strong><\/p>\n<p>Bern. Im Rahmen der internationalen Greenpeace Jugendaktion \u00abKids for Forests\u00bb sind wir &#8211; je sechs Deutschschweizer Buben und M\u00e4dchen im Alter von 14 bis 20 Jahren &#8211; auf \u00abVeloToUrwald\u00bb. Wir sind von Basel \u00fcber Aarau, Olten, Solothurn nach Bern gefahren, wo wir heute dem Stellvertreter von Bundesrat Moritz Leuenberger, Hans-Rudolf D\u00f6rig, eine Petition mit 1500 unterwegs gesammelten Unterschriften f\u00fcr eine urwaldfreundliche Bundesverwaltung \u00fcbergeben. Wir m\u00f6chten uns damit Geh\u00f6r verschaffen und die Wichtigkeit des Urwaldschutzes unterstreichen, weil es letztlich um unsere Zukunft geht, in welcher wir mit und nicht gegen die Natur leben wollen.<\/p>\n<ul class=\"action-items\">\n<li><a class=\"normal\" href=\"http:\/\/www.greenteams.net\/\" target=\"gt\" rel=\"noopener noreferrer\">www.greenteams.net<\/a><\/li>\n<li><a class=\"normal\" href=\"http:\/\/www.urwaldfreundlich.ch\/\" target=\"uwf\" rel=\"noopener noreferrer\">www.urwaldfreundlich.ch<\/a><\/li>\n<\/ul>\n<p class=\"bodytext\">\u00a0<\/p>\n<\/div>\n","protected":false},"excerpt":{"rendered":"<p>Zw\u00f6lf Mitglieder der Greenpeace Jugendaktion \u00abKids for Forests\u00bb haben heute der Bundesverwaltung eine Petition \u00fcbergeben: Die jungen Leute bitten den Bundesrat, die Bundesverwaltung umfassend urwaldfreundlich* zu gestalten. Hans-Rudolf D\u00f6rig, stv.&hellip;<\/p>\n","protected":false},"author":23,"featured_media":19739,"comment_status":"closed","ping_status":"open","sticky":false,"template":"","format":"standard","meta":{"_acf_changed":false,"_planet4_optimize_post_is_variant":false,"_planet4_optimize_experiment_name":"","_planet4_optimize_variant_name":"","ep_exclude_from_search":false,"p4_og_title":"","p4_og_description":"","p4_og_image":"","p4_og_image_id":"","p4_seo_canonical_url":"","p4_campaign_name":"","p4_local_project":"","p4_basket_name":"","p4_department":"","footnotes":""},"categories":[1],"tags":[],"p4-page-type":[75],"gpch-article-type":[],"class_list":["post-19737","post","type-post","status-publish","format-standard","has-post-thumbnail","hentry","category-unkategorisiert","p4-page-type-story"],"acf":[],"_links":{"self":[{"href":"https:\/\/www.greenpeace.ch\/de\/wp-json\/wp\/v2\/posts\/19737","targetHints":{"allow":["GET"]}}],"collection":[{"href":"https:\/\/www.greenpeace.ch\/de\/wp-json\/wp\/v2\/posts"}],"about":[{"href":"https:\/\/www.greenpeace.ch\/de\/wp-json\/wp\/v2\/types\/post"}],"author":[{"embeddable":true,"href":"https:\/\/www.greenpeace.ch\/de\/wp-json\/wp\/v2\/users\/23"}],"replies":[{"embeddable":true,"href":"https:\/\/www.greenpeace.ch\/de\/wp-json\/wp\/v2\/comments?post=19737"}],"version-history":[{"count":0,"href":"https:\/\/www.greenpeace.ch\/de\/wp-json\/wp\/v2\/posts\/19737\/revisions"}],"wp:featuredmedia":[{"embeddable":true,"href":"https:\/\/www.greenpeace.ch\/de\/wp-json\/wp\/v2\/media\/19739"}],"wp:attachment":[{"href":"https:\/\/www.greenpeace.ch\/de\/wp-json\/wp\/v2\/media?parent=19737"}],"wp:term":[{"taxonomy":"category","embeddable":true,"href":"https:\/\/www.greenpeace.ch\/de\/wp-json\/wp\/v2\/categories?post=19737"},{"taxonomy":"post_tag","embeddable":true,"href":"https:\/\/www.greenpeace.ch\/de\/wp-json\/wp\/v2\/tags?post=19737"},{"taxonomy":"p4-page-type","embeddable":true,"href":"https:\/\/www.greenpeace.ch\/de\/wp-json\/wp\/v2\/p4-page-type?post=19737"},{"taxonomy":"gpch-article-type","embeddable":true,"href":"https:\/\/www.greenpeace.ch\/de\/wp-json\/wp\/v2\/gpch-article-type?post=19737"}],"curies":[{"name":"wp","href":"https:\/\/api.w.org\/{rel}","templated":true}]}}