{"id":19757,"date":"2005-04-04T00:00:00","date_gmt":"2005-04-03T22:00:00","guid":{"rendered":"https:\/\/master.greenpeace.ch\/beitrag\/19757\/gute-banken-schuetzen-wale-und-die-credit-suisse\/"},"modified":"2019-05-30T15:00:18","modified_gmt":"2019-05-30T13:00:18","slug":"gute-banken-schuetzen-wale-und-die-credit-suisse","status":"publish","type":"post","link":"https:\/\/www.greenpeace.ch\/de\/story\/19757\/gute-banken-schuetzen-wale-und-die-credit-suisse\/","title":{"rendered":"Gute Banken sch\u00fctzen Wale. Und die Cr\u00e9dit Suisse?"},"content":{"rendered":"<p><b>Was hat ein aufblasbarer Wal auf dem Paradeplatz verloren? Einiges, denn bei der Credit Suisse laufen die F\u00e4den f\u00fcr die Finanzierung eines \u00d6l- und Gasf\u00f6rderprojektes zusammen, welches den Westpazifischen Grauwal existentiell bedroht.<\/b><\/p>\n<div>\n<div class=\"events-box small-box left\">\n<div class=\"frame\">\n        <a class=\"open-img EnlargeImage\" href=\"https:\/\/www.greenpeace.ch\/static\/planet4-switzerland-stateless\/2019\/05\/4fdee93e-4fdee93e-pic342.jpg\" title=\"\"><br \/>\n            <img decoding=\"async\" id=\"ctl00_cphContentArea_Property3_ctl00_ctl01_Image1\" class=\"Thumbnail\" src=\"https:\/\/www.greenpeace.ch\/static\/planet4-switzerland-stateless\/2019\/05\/4fdee93e-4fdee93e-pic342.jpg\" alt=\"\" style=\"border-width:0px;\"><\/p>\n<p>        <\/a>\n    <\/div>\n<div class=\"events-content no-title\">\n        <span class=\"date\"><\/span><br \/>\n        <strong><\/strong><\/p>\n<p>\n            \u00a9 Greenpeace\n        <\/p>\n<\/p>\n<\/div>\n<\/div>\n<p class=\"bodytext\">Z\u00fcrich. Die Erkl\u00e4rung von Bern und Greenpeace<br \/>\nfordern die Credit Suisse auf, ihr Beratungsmandat f\u00fcr die<br \/>\n\u00d6lf\u00f6rderung auf der Insel Sachalin vor der K\u00fcste Ostsibiriens<br \/>\naufzugeben. Mit einem 18 Meter langen Wal vor dem Hauptsitz der<br \/>\nCredit Suisse haben sie heute auf Ihr Anliegen aufmerksam gemacht.<br \/>\nVor dem Sitz der Credit Suisse First Boston in New York<br \/>\ndemonstrieren morgen die US-Umweltorganisationen Pacific<br \/>\nEnvironment und Rainforest Action Network ebenfalls mit einer<br \/>\nWalaktion.<\/p>\n<p class=\"bodytext\"><strong>Hintergr\u00fcnde:<\/strong><\/p>\n<ul class=\"action-items\">\n<li><a href=\"https:\/\/www.greenpeace.ch\/wp-content\/uploads\/2017\/01\/050405_Wal_Flyer.pdf\" title=\"Startet den Datei-Download\" target=\"_self\" rel=\"noopener noreferrer\">Gute Banken<br \/>\nSch\u00fctzen Wale. Und die Credit Suisse? (download 124 kb)<\/a><\/li>\n<li><a href=\"https:\/\/www.greenpeace.ch\/wp-content\/uploads\/2017\/01\/ReferatSachalin.pdf\" title=\"Startet den Datei-Download\" target=\"_self\" rel=\"noopener noreferrer\">Referat von<br \/>\nStefan F\u00fcglister \u00abSachalin: \u00d6l und Gas versus Grauwal\u00bb (download 92<br \/>\nkb)<\/a><\/li>\n<li><a href=\"http:\/\/www.evb.ch\/index.cfm?page_id=3521&amp;archive=none\" target=\"evb\" class=\"normal\" rel=\"noopener noreferrer\">Weitere Hintergr\u00fcnde auf<br \/>\nwww.evb.ch<\/a><\/li>\n<\/ul>\n<p class=\"bodytext\">\u00a0<\/p>\n<p class=\"bodytext\">\u00a0<\/p>\n<\/div>\n","protected":false},"excerpt":{"rendered":"<p>Was hat ein aufblasbarer Wal auf dem Paradeplatz verloren? Einiges, denn bei der Credit Suisse laufen die F\u00e4den f\u00fcr die Finanzierung eines \u00d6l- und Gasf\u00f6rderprojektes zusammen, welches den Westpazifischen Grauwal&hellip;<\/p>\n","protected":false},"author":23,"featured_media":19759,"comment_status":"closed","ping_status":"open","sticky":false,"template":"","format":"standard","meta":{"_acf_changed":false,"_planet4_optimize_post_is_variant":false,"_planet4_optimize_experiment_name":"","_planet4_optimize_variant_name":"","ep_exclude_from_search":false,"p4_og_title":"","p4_og_description":"","p4_og_image":"","p4_og_image_id":"","p4_seo_canonical_url":"","p4_campaign_name":"","p4_local_project":"","p4_basket_name":"","p4_department":"","footnotes":""},"categories":[1],"tags":[],"p4-page-type":[75],"gpch-article-type":[],"class_list":["post-19757","post","type-post","status-publish","format-standard","has-post-thumbnail","hentry","category-unkategorisiert","p4-page-type-story"],"acf":[],"_links":{"self":[{"href":"https:\/\/www.greenpeace.ch\/de\/wp-json\/wp\/v2\/posts\/19757","targetHints":{"allow":["GET"]}}],"collection":[{"href":"https:\/\/www.greenpeace.ch\/de\/wp-json\/wp\/v2\/posts"}],"about":[{"href":"https:\/\/www.greenpeace.ch\/de\/wp-json\/wp\/v2\/types\/post"}],"author":[{"embeddable":true,"href":"https:\/\/www.greenpeace.ch\/de\/wp-json\/wp\/v2\/users\/23"}],"replies":[{"embeddable":true,"href":"https:\/\/www.greenpeace.ch\/de\/wp-json\/wp\/v2\/comments?post=19757"}],"version-history":[{"count":0,"href":"https:\/\/www.greenpeace.ch\/de\/wp-json\/wp\/v2\/posts\/19757\/revisions"}],"wp:featuredmedia":[{"embeddable":true,"href":"https:\/\/www.greenpeace.ch\/de\/wp-json\/wp\/v2\/media\/19759"}],"wp:attachment":[{"href":"https:\/\/www.greenpeace.ch\/de\/wp-json\/wp\/v2\/media?parent=19757"}],"wp:term":[{"taxonomy":"category","embeddable":true,"href":"https:\/\/www.greenpeace.ch\/de\/wp-json\/wp\/v2\/categories?post=19757"},{"taxonomy":"post_tag","embeddable":true,"href":"https:\/\/www.greenpeace.ch\/de\/wp-json\/wp\/v2\/tags?post=19757"},{"taxonomy":"p4-page-type","embeddable":true,"href":"https:\/\/www.greenpeace.ch\/de\/wp-json\/wp\/v2\/p4-page-type?post=19757"},{"taxonomy":"gpch-article-type","embeddable":true,"href":"https:\/\/www.greenpeace.ch\/de\/wp-json\/wp\/v2\/gpch-article-type?post=19757"}],"curies":[{"name":"wp","href":"https:\/\/api.w.org\/{rel}","templated":true}]}}