{"id":19765,"date":"2005-03-24T00:00:00","date_gmt":"2005-03-23T22:00:00","guid":{"rendered":"https:\/\/master.greenpeace.ch\/beitrag\/19765\/greenpeace-protestiert-am-gotthard-stau-so-nicht-klimaschutz-jetzt-2\/"},"modified":"2019-05-30T15:00:28","modified_gmt":"2019-05-30T13:00:28","slug":"greenpeace-protestiert-am-gotthard-stau-so-nicht-klimaschutz-jetzt-2","status":"publish","type":"post","link":"https:\/\/www.greenpeace.ch\/de\/story\/19765\/greenpeace-protestiert-am-gotthard-stau-so-nicht-klimaschutz-jetzt-2\/","title":{"rendered":"Greenpeace protestiert am Gotthard-Stau: So nicht \u2013 Klimaschutz jetzt!"},"content":{"rendered":"<p><b>Im kilometerlangen Osterstau am Gotthard konfrontiert Greenpeace die AutomobilistInnen mit ihrem Mobilit\u00e4tsverhalten. \u00abSo nicht &#8211; Klimaschutz jetzt!\u00bb steht auf dem riesigen, von KletteraktivistInnen befestigten Transparent an der Br\u00fccke \u00fcber der Reuss. Denn der Verkehr ist in der Schweiz die wichtigste Einzelquelle f\u00fcr das Treibhausgas CO2 und damit den menschgemachten Klimawandel, der den sensiblen Alpenraum besonders trifft.<\/b><\/p>\n<div>\n<div class=\"events-box small-box left\">\n<div class=\"frame\">\n        <a class=\"open-img EnlargeImage\" href=\"https:\/\/www.greenpeace.ch\/static\/planet4-switzerland-stateless\/2019\/05\/53cac5f5-53cac5f5-pic345_01.jpg\" title=\"\"><br \/>\n            <img decoding=\"async\" id=\"ctl00_cphContentArea_Property3_ctl00_ctl02_Image1\" class=\"Thumbnail\" src=\"https:\/\/www.greenpeace.ch\/static\/planet4-switzerland-stateless\/2019\/05\/53cac5f5-53cac5f5-pic345_01.jpg\" alt=\"\" style=\"border-width:0px;\"><\/p>\n<p>        <\/a>\n    <\/div>\n<div class=\"events-content no-title\">\n        <span class=\"date\"><\/span><br \/>\n        <strong><\/strong><\/p>\n<p>\n            \u00a9 W\u00fcrtenberg \/ Greenpeace\n        <\/p>\n<\/p>\n<\/div>\n<\/div>\n<p class=\"bodytext\"><span class=\"date\">Z\u00fcrich\/Gotthard. <\/span><span class=\"text\">Greenpeace ist \u00fcber den klimapolitischen Bundesrats-Entscheid  vom Mittwoch schockiert. Die Umweltorganisation fordert die nach Gesetz maximal  m\u00f6gliche CO2-Abgabe \u2013 auch auf Treibstoffen \u2013 und schnelle Schritte hin zu einer  umwelt- und klimavertr\u00e4glichen Mobilit\u00e4t. Nur so werden internationale  Klima-Versprechen eingehalten. <\/span><\/p>\n<\/div>\n","protected":false},"excerpt":{"rendered":"<p>Im kilometerlangen Osterstau am Gotthard konfrontiert Greenpeace die AutomobilistInnen mit ihrem Mobilit\u00e4tsverhalten. \u00abSo nicht &#8211; Klimaschutz jetzt!\u00bb steht auf dem riesigen, von KletteraktivistInnen befestigten Transparent an der Br\u00fccke \u00fcber der&hellip;<\/p>\n","protected":false},"author":23,"featured_media":19767,"comment_status":"closed","ping_status":"open","sticky":false,"template":"","format":"standard","meta":{"_acf_changed":false,"_planet4_optimize_post_is_variant":false,"_planet4_optimize_experiment_name":"","_planet4_optimize_variant_name":"","ep_exclude_from_search":false,"p4_og_title":"","p4_og_description":"","p4_og_image":"","p4_og_image_id":"","p4_seo_canonical_url":"","p4_campaign_name":"","p4_local_project":"","p4_basket_name":"","p4_department":"","footnotes":""},"categories":[1],"tags":[],"p4-page-type":[75],"gpch-article-type":[],"class_list":["post-19765","post","type-post","status-publish","format-standard","has-post-thumbnail","hentry","category-unkategorisiert","p4-page-type-story"],"acf":[],"_links":{"self":[{"href":"https:\/\/www.greenpeace.ch\/de\/wp-json\/wp\/v2\/posts\/19765","targetHints":{"allow":["GET"]}}],"collection":[{"href":"https:\/\/www.greenpeace.ch\/de\/wp-json\/wp\/v2\/posts"}],"about":[{"href":"https:\/\/www.greenpeace.ch\/de\/wp-json\/wp\/v2\/types\/post"}],"author":[{"embeddable":true,"href":"https:\/\/www.greenpeace.ch\/de\/wp-json\/wp\/v2\/users\/23"}],"replies":[{"embeddable":true,"href":"https:\/\/www.greenpeace.ch\/de\/wp-json\/wp\/v2\/comments?post=19765"}],"version-history":[{"count":0,"href":"https:\/\/www.greenpeace.ch\/de\/wp-json\/wp\/v2\/posts\/19765\/revisions"}],"wp:featuredmedia":[{"embeddable":true,"href":"https:\/\/www.greenpeace.ch\/de\/wp-json\/wp\/v2\/media\/19767"}],"wp:attachment":[{"href":"https:\/\/www.greenpeace.ch\/de\/wp-json\/wp\/v2\/media?parent=19765"}],"wp:term":[{"taxonomy":"category","embeddable":true,"href":"https:\/\/www.greenpeace.ch\/de\/wp-json\/wp\/v2\/categories?post=19765"},{"taxonomy":"post_tag","embeddable":true,"href":"https:\/\/www.greenpeace.ch\/de\/wp-json\/wp\/v2\/tags?post=19765"},{"taxonomy":"p4-page-type","embeddable":true,"href":"https:\/\/www.greenpeace.ch\/de\/wp-json\/wp\/v2\/p4-page-type?post=19765"},{"taxonomy":"gpch-article-type","embeddable":true,"href":"https:\/\/www.greenpeace.ch\/de\/wp-json\/wp\/v2\/gpch-article-type?post=19765"}],"curies":[{"name":"wp","href":"https:\/\/api.w.org\/{rel}","templated":true}]}}