{"id":19769,"date":"2005-04-02T00:00:00","date_gmt":"2005-04-01T22:00:00","guid":{"rendered":"https:\/\/master.greenpeace.ch\/beitrag\/19769\/urwaldstation-gegen-kahlschlag-tagebuchnotizen-von-schweizer-greenpeace-aktivist\/"},"modified":"2019-05-30T15:00:34","modified_gmt":"2019-05-30T13:00:34","slug":"urwaldstation-gegen-kahlschlag-tagebuchnotizen-von-schweizer-greenpeace-aktivist","status":"publish","type":"post","link":"https:\/\/www.greenpeace.ch\/de\/story\/19769\/urwaldstation-gegen-kahlschlag-tagebuchnotizen-von-schweizer-greenpeace-aktivist\/","title":{"rendered":"Urwaldstation gegen Kahlschlag: Tagebuchnotizen von Schweizer Greenpeace-Aktivist"},"content":{"rendered":"<p><b>Greenpeace-AktivistInnen aus mehreren L\u00e4ndern haben im Norden von Finnland eine Urwaldschutzstation errichtet. Nahe der Stadt Inari, rund 300 Kilometer n\u00f6rdlich des Polarkreises, sind Urw\u00e4lder durch den Kahlschlag der Papierindustrie bedroht. Auch ein Schweizer Greenpeace-Aktivist setzt sich f\u00fcr die Rettung der letzen finnischen Urw\u00e4lder ein.<\/b><\/p>\n<div>\n<div class=\"events-box small-box left\">\n<div class=\"frame\">\n        <a class=\"open-img EnlargeImage\" href=\"https:\/\/www.greenpeace.ch\/static\/planet4-switzerland-stateless\/2019\/05\/5414a939-5414a939-pic343.jpg\" title=\"\"><br \/>\n            <img decoding=\"async\" id=\"ctl00_cphContentArea_Property3_ctl00_ctl02_Image1\" class=\"Thumbnail\" src=\"https:\/\/www.greenpeace.ch\/static\/planet4-switzerland-stateless\/2019\/05\/5414a939-5414a939-pic343.jpg\" alt=\"\" style=\"border-width:0px;\"><\/p>\n<p>        <\/a>\n    <\/div>\n<div class=\"events-content no-title\">\n        <span class=\"date\"><\/span><br \/>\n        <strong><\/strong><\/p>\n<p>\n            \u00a9 Greenpeace\n        <\/p>\n<\/p>\n<\/div>\n<\/div>\n<p class=\"bodytext\">Z\u00fcrich\/Inari.<\/p>\n<p class=\"bodytext\"><strong>11. Tag: 3. April 2005<\/strong><\/p>\n<p class=\"bodytext\">Der Wecker war auf 5.30 Uhr gestellt. Doch als Ric im Zelt steht und meint, ich solle den Autoschl\u00fcssel hervorsuchen, ist 5.00 Uhr. Denn heute ist Z\u00fcgeln angesagt&#8230;<\/p>\n<\/div>\n","protected":false},"excerpt":{"rendered":"<p>Greenpeace-AktivistInnen aus mehreren L\u00e4ndern haben im Norden von Finnland eine Urwaldschutzstation errichtet. Nahe der Stadt Inari, rund 300 Kilometer n\u00f6rdlich des Polarkreises, sind Urw\u00e4lder durch den Kahlschlag der Papierindustrie bedroht.&hellip;<\/p>\n","protected":false},"author":23,"featured_media":19771,"comment_status":"closed","ping_status":"open","sticky":false,"template":"","format":"standard","meta":{"_acf_changed":false,"_planet4_optimize_post_is_variant":false,"_planet4_optimize_experiment_name":"","_planet4_optimize_variant_name":"","ep_exclude_from_search":false,"p4_og_title":"","p4_og_description":"","p4_og_image":"","p4_og_image_id":"","p4_seo_canonical_url":"","p4_campaign_name":"","p4_local_project":"","p4_basket_name":"","p4_department":"","footnotes":""},"categories":[1],"tags":[],"p4-page-type":[75],"gpch-article-type":[],"class_list":["post-19769","post","type-post","status-publish","format-standard","has-post-thumbnail","hentry","category-unkategorisiert","p4-page-type-story"],"acf":[],"_links":{"self":[{"href":"https:\/\/www.greenpeace.ch\/de\/wp-json\/wp\/v2\/posts\/19769","targetHints":{"allow":["GET"]}}],"collection":[{"href":"https:\/\/www.greenpeace.ch\/de\/wp-json\/wp\/v2\/posts"}],"about":[{"href":"https:\/\/www.greenpeace.ch\/de\/wp-json\/wp\/v2\/types\/post"}],"author":[{"embeddable":true,"href":"https:\/\/www.greenpeace.ch\/de\/wp-json\/wp\/v2\/users\/23"}],"replies":[{"embeddable":true,"href":"https:\/\/www.greenpeace.ch\/de\/wp-json\/wp\/v2\/comments?post=19769"}],"version-history":[{"count":0,"href":"https:\/\/www.greenpeace.ch\/de\/wp-json\/wp\/v2\/posts\/19769\/revisions"}],"wp:featuredmedia":[{"embeddable":true,"href":"https:\/\/www.greenpeace.ch\/de\/wp-json\/wp\/v2\/media\/19771"}],"wp:attachment":[{"href":"https:\/\/www.greenpeace.ch\/de\/wp-json\/wp\/v2\/media?parent=19769"}],"wp:term":[{"taxonomy":"category","embeddable":true,"href":"https:\/\/www.greenpeace.ch\/de\/wp-json\/wp\/v2\/categories?post=19769"},{"taxonomy":"post_tag","embeddable":true,"href":"https:\/\/www.greenpeace.ch\/de\/wp-json\/wp\/v2\/tags?post=19769"},{"taxonomy":"p4-page-type","embeddable":true,"href":"https:\/\/www.greenpeace.ch\/de\/wp-json\/wp\/v2\/p4-page-type?post=19769"},{"taxonomy":"gpch-article-type","embeddable":true,"href":"https:\/\/www.greenpeace.ch\/de\/wp-json\/wp\/v2\/gpch-article-type?post=19769"}],"curies":[{"name":"wp","href":"https:\/\/api.w.org\/{rel}","templated":true}]}}