{"id":19777,"date":"2005-03-23T00:00:00","date_gmt":"2005-03-22T22:00:00","guid":{"rendered":"https:\/\/master.greenpeace.ch\/beitrag\/19777\/syngenta-hat-keine-kontrolle-ueber-ihr-gentech-saatgut\/"},"modified":"2019-05-30T15:00:45","modified_gmt":"2019-05-30T13:00:45","slug":"syngenta-hat-keine-kontrolle-ueber-ihr-gentech-saatgut","status":"publish","type":"post","link":"https:\/\/www.greenpeace.ch\/de\/story\/19777\/syngenta-hat-keine-kontrolle-ueber-ihr-gentech-saatgut\/","title":{"rendered":"Syngenta hat keine Kontrolle \u00fcber ihr Gentech-Saatgut"},"content":{"rendered":"<p><b>Wie die Fachzeitschrift Nature gestern berichtete, hat Syngenta w\u00e4hrend vier Jahren in den USA nicht zugelassenes Gentech-Maissaatgut verkauft. Greenpeace und die Erkl\u00e4rung von Bern kritisieren die fehlende Kontrolle der Firma \u00fcber ihre Produkte.<\/b><\/p>\n<div>\n<div class=\"events-box small-box left\">\n<div class=\"frame\">\n        <a class=\"open-img EnlargeImage\" href=\"https:\/\/www.greenpeace.ch\/static\/planet4-switzerland-stateless\/2019\/05\/9209873f-9209873f-pic349.jpg\" title=\"\"><br \/>\n            <img decoding=\"async\" id=\"ctl00_cphContentArea_Property3_ctl00_ctl01_Image1\" class=\"Thumbnail\" src=\"https:\/\/www.greenpeace.ch\/static\/planet4-switzerland-stateless\/2019\/05\/9209873f-9209873f-pic349.jpg\" alt=\"\" style=\"border-width:0px;\"><\/p>\n<p>        <\/a>\n    <\/div>\n<div class=\"events-content no-title\">\n        <span class=\"date\"><\/span><br \/>\n        <strong><\/strong><\/p>\n<p>\n            \u00a9 Greenpeace\n        <\/p>\n<\/p>\n<\/div>\n<\/div>\n<p class=\"bodytext\">Z\u00fcrich. <span class=\"text\"> Es ist ein Skandal, dass die Firma nicht wusste, was sie verkaufte und sich nun weigert die betroffenen Staaten zu informieren. Die Erkl\u00e4rung von Bern und Greenpeace fordern von Syngenta volle Transparenz und die \u00dcbernahme s\u00e4mtlicher Nachfolgekosten des Unfalls.<\/span><\/p>\n<\/div>\n","protected":false},"excerpt":{"rendered":"<p>Wie die Fachzeitschrift Nature gestern berichtete, hat Syngenta w\u00e4hrend vier Jahren in den USA nicht zugelassenes Gentech-Maissaatgut verkauft. Greenpeace und die Erkl\u00e4rung von Bern kritisieren die fehlende Kontrolle der Firma&hellip;<\/p>\n","protected":false},"author":23,"featured_media":19779,"comment_status":"closed","ping_status":"open","sticky":false,"template":"","format":"standard","meta":{"_acf_changed":false,"_planet4_optimize_post_is_variant":false,"_planet4_optimize_experiment_name":"","_planet4_optimize_variant_name":"","ep_exclude_from_search":false,"p4_og_title":"","p4_og_description":"","p4_og_image":"","p4_og_image_id":"","p4_seo_canonical_url":"","p4_campaign_name":"","p4_local_project":"","p4_basket_name":"","p4_department":"","footnotes":""},"categories":[1],"tags":[],"p4-page-type":[75],"gpch-article-type":[],"class_list":["post-19777","post","type-post","status-publish","format-standard","has-post-thumbnail","hentry","category-unkategorisiert","p4-page-type-story"],"acf":[],"_links":{"self":[{"href":"https:\/\/www.greenpeace.ch\/de\/wp-json\/wp\/v2\/posts\/19777","targetHints":{"allow":["GET"]}}],"collection":[{"href":"https:\/\/www.greenpeace.ch\/de\/wp-json\/wp\/v2\/posts"}],"about":[{"href":"https:\/\/www.greenpeace.ch\/de\/wp-json\/wp\/v2\/types\/post"}],"author":[{"embeddable":true,"href":"https:\/\/www.greenpeace.ch\/de\/wp-json\/wp\/v2\/users\/23"}],"replies":[{"embeddable":true,"href":"https:\/\/www.greenpeace.ch\/de\/wp-json\/wp\/v2\/comments?post=19777"}],"version-history":[{"count":0,"href":"https:\/\/www.greenpeace.ch\/de\/wp-json\/wp\/v2\/posts\/19777\/revisions"}],"wp:featuredmedia":[{"embeddable":true,"href":"https:\/\/www.greenpeace.ch\/de\/wp-json\/wp\/v2\/media\/19779"}],"wp:attachment":[{"href":"https:\/\/www.greenpeace.ch\/de\/wp-json\/wp\/v2\/media?parent=19777"}],"wp:term":[{"taxonomy":"category","embeddable":true,"href":"https:\/\/www.greenpeace.ch\/de\/wp-json\/wp\/v2\/categories?post=19777"},{"taxonomy":"post_tag","embeddable":true,"href":"https:\/\/www.greenpeace.ch\/de\/wp-json\/wp\/v2\/tags?post=19777"},{"taxonomy":"p4-page-type","embeddable":true,"href":"https:\/\/www.greenpeace.ch\/de\/wp-json\/wp\/v2\/p4-page-type?post=19777"},{"taxonomy":"gpch-article-type","embeddable":true,"href":"https:\/\/www.greenpeace.ch\/de\/wp-json\/wp\/v2\/gpch-article-type?post=19777"}],"curies":[{"name":"wp","href":"https:\/\/api.w.org\/{rel}","templated":true}]}}