{"id":19781,"date":"2005-03-22T00:00:00","date_gmt":"2005-03-21T22:00:00","guid":{"rendered":"https:\/\/master.greenpeace.ch\/beitrag\/19781\/profit-der-oellobby-fuer-bundesrat-wichtiger-als-glaubwuerdiger-klimaschutz-2\/"},"modified":"2019-05-30T15:00:50","modified_gmt":"2019-05-30T13:00:50","slug":"profit-der-oellobby-fuer-bundesrat-wichtiger-als-glaubwuerdiger-klimaschutz-2","status":"publish","type":"post","link":"https:\/\/www.greenpeace.ch\/de\/story\/19781\/profit-der-oellobby-fuer-bundesrat-wichtiger-als-glaubwuerdiger-klimaschutz-2\/","title":{"rendered":"Profit der \u00d6llobby f\u00fcr Bundesrat wichtiger als glaubw\u00fcrdiger Klimaschutz"},"content":{"rendered":"<p><b>Der Bundesrat hat mit seinem heutigen Entscheid f\u00fcr den Klimarappen klargestellt, dass die \u00d6llobby die klimapolitischen F\u00e4den zieht. Die Allianz f\u00fcr eine verantwortungsvolle Klimapolitik, die insgesamt 1.8 Mio. Schweizer Bev\u00f6lkerung vertritt, verurteilt den bundesr\u00e4tlichen Kniefall. Anstatt das Problem des zu hohen \u00d6lverbrauches an der Wurzel zu packen, verabschiedet sich die Schweiz von einer glaubw\u00fcrdigen Klimapolitik.<\/b><\/p>\n<div>\n<div class=\"events-box small-box left\">\n<div class=\"frame\">\n        <a class=\"open-img EnlargeImage\" href=\"https:\/\/www.greenpeace.ch\/static\/planet4-switzerland-stateless\/2019\/05\/e17e23ba-e17e23ba-pic350_01.jpg\" title=\"\"><br \/>\n            <img decoding=\"async\" id=\"ctl00_cphContentArea_Property3_ctl00_ctl02_Image1\" class=\"Thumbnail\" src=\"https:\/\/www.greenpeace.ch\/static\/planet4-switzerland-stateless\/2019\/05\/e17e23ba-e17e23ba-pic350_01.jpg\" alt=\"\" style=\"border-width:0px;\"><\/p>\n<p>        <\/a>\n    <\/div>\n<div class=\"events-content no-title\">\n        <span class=\"date\"><\/span><br \/>\n        <strong><\/strong><\/p>\n<p>\n            \u00a9 walter&amp;spehr\n        <\/p>\n<\/p>\n<\/div>\n<\/div>\n<p class=\"bodytext\">Bern\/Z\u00fcrich. Jahrelang herrschte dar\u00fcber weitgehend Einigkeit: Wenn die freiwilligen Massnahmen scheitern, soll eine CO2-Abgabe garantieren, dass die Klimaziele eingehalten werden. Doch als die ungen\u00fcgende Wirkung freiwilliger Massnahmen immer offensichtlicher wurde, hat die Erd\u00f6lvereinigung vor zweieinhalb Jahren den Klimarappen aus dem Hut gezaubert.<\/p>\n<ul class=\"action-items\">\n<li><a title=\"Startet den Datei-Download\" href=\"https:\/\/www.greenpeace.ch\/wp-content\/uploads\/2017\/01\/HintergrundKlima.pdf\" target=\"_self\" rel=\"noopener noreferrer\">Hintergrund: Kyoto verpflichtet! CO2-Reduktion beim Verkehr (download 92KB)<\/a><\/li>\n<\/ul>\n<\/div>\n","protected":false},"excerpt":{"rendered":"<p>Der Bundesrat hat mit seinem heutigen Entscheid f\u00fcr den Klimarappen klargestellt, dass die \u00d6llobby die klimapolitischen F\u00e4den zieht. Die Allianz f\u00fcr eine verantwortungsvolle Klimapolitik, die insgesamt 1.8 Mio. Schweizer Bev\u00f6lkerung&hellip;<\/p>\n","protected":false},"author":23,"featured_media":19783,"comment_status":"closed","ping_status":"open","sticky":false,"template":"","format":"standard","meta":{"_acf_changed":false,"_planet4_optimize_post_is_variant":false,"_planet4_optimize_experiment_name":"","_planet4_optimize_variant_name":"","ep_exclude_from_search":false,"p4_og_title":"","p4_og_description":"","p4_og_image":"","p4_og_image_id":"","p4_seo_canonical_url":"","p4_campaign_name":"","p4_local_project":"","p4_basket_name":"","p4_department":"","footnotes":""},"categories":[1],"tags":[],"p4-page-type":[75],"gpch-article-type":[],"class_list":["post-19781","post","type-post","status-publish","format-standard","has-post-thumbnail","hentry","category-unkategorisiert","p4-page-type-story"],"acf":[],"_links":{"self":[{"href":"https:\/\/www.greenpeace.ch\/de\/wp-json\/wp\/v2\/posts\/19781","targetHints":{"allow":["GET"]}}],"collection":[{"href":"https:\/\/www.greenpeace.ch\/de\/wp-json\/wp\/v2\/posts"}],"about":[{"href":"https:\/\/www.greenpeace.ch\/de\/wp-json\/wp\/v2\/types\/post"}],"author":[{"embeddable":true,"href":"https:\/\/www.greenpeace.ch\/de\/wp-json\/wp\/v2\/users\/23"}],"replies":[{"embeddable":true,"href":"https:\/\/www.greenpeace.ch\/de\/wp-json\/wp\/v2\/comments?post=19781"}],"version-history":[{"count":0,"href":"https:\/\/www.greenpeace.ch\/de\/wp-json\/wp\/v2\/posts\/19781\/revisions"}],"wp:featuredmedia":[{"embeddable":true,"href":"https:\/\/www.greenpeace.ch\/de\/wp-json\/wp\/v2\/media\/19783"}],"wp:attachment":[{"href":"https:\/\/www.greenpeace.ch\/de\/wp-json\/wp\/v2\/media?parent=19781"}],"wp:term":[{"taxonomy":"category","embeddable":true,"href":"https:\/\/www.greenpeace.ch\/de\/wp-json\/wp\/v2\/categories?post=19781"},{"taxonomy":"post_tag","embeddable":true,"href":"https:\/\/www.greenpeace.ch\/de\/wp-json\/wp\/v2\/tags?post=19781"},{"taxonomy":"p4-page-type","embeddable":true,"href":"https:\/\/www.greenpeace.ch\/de\/wp-json\/wp\/v2\/p4-page-type?post=19781"},{"taxonomy":"gpch-article-type","embeddable":true,"href":"https:\/\/www.greenpeace.ch\/de\/wp-json\/wp\/v2\/gpch-article-type?post=19781"}],"curies":[{"name":"wp","href":"https:\/\/api.w.org\/{rel}","templated":true}]}}