{"id":19801,"date":"2005-03-01T00:00:00","date_gmt":"2005-02-28T22:00:00","guid":{"rendered":"https:\/\/master.greenpeace.ch\/beitrag\/19801\/greenpeace-kommentar-zur-eroeffnung-des-autosalons-in-genf\/"},"modified":"2019-05-30T15:01:15","modified_gmt":"2019-05-30T13:01:15","slug":"greenpeace-kommentar-zur-eroeffnung-des-autosalons-in-genf","status":"publish","type":"post","link":"https:\/\/www.greenpeace.ch\/de\/story\/19801\/greenpeace-kommentar-zur-eroeffnung-des-autosalons-in-genf\/","title":{"rendered":"Greenpeace Kommentar zur Er\u00f6ffnung des Autosalons in Genf"},"content":{"rendered":"<p><b>Am diesj\u00e4hrigen Autosalons in Genf, an dem erneut Modelle mit h\u00f6herer Fahrleistung und \u00dcbermotorisierung pr\u00e4sentiert werden, die f\u00fcr massiven Zuwachs des sch\u00e4dlichen Treibhausgases CO2 sorgen und damit die Schweizer Klimaschutzziele torpedieren.<\/b><\/p>\n<div>\n<div class=\"events-box small-box left\">\n<div class=\"frame\">\n        <a class=\"open-img EnlargeImage\" href=\"https:\/\/www.greenpeace.ch\/static\/planet4-switzerland-stateless\/2019\/05\/c5339d1b-c5339d1b-pic356.jpg\" title=\"\"><br \/>\n            <img decoding=\"async\" id=\"ctl00_cphContentArea_Property3_ctl00_ctl02_Image1\" class=\"Thumbnail\" src=\"https:\/\/www.greenpeace.ch\/static\/planet4-switzerland-stateless\/2019\/05\/c5339d1b-c5339d1b-pic356.jpg\" alt=\"\" style=\"border-width:0px;\"><\/p>\n<p>        <\/a>\n    <\/div>\n<div class=\"events-content no-title\">\n        <span class=\"date\"><\/span><br \/>\n        <strong><\/strong><\/p>\n<p>\n            \u00a9 Menta \/ Greenpeace\n        <\/p>\n<\/p>\n<\/div>\n<\/div>\n<p class=\"bodytext\">Z\u00fcrich. Alex Hauri, Klima-Experte bei Greenpeace Schweiz, kommentiert: \u00abDer Klimaschutz geht ungebremster Motorisierung vor. F\u00fcr die Politik heisst das die Einf\u00fchrung einer hohen CO2-Abgabe. Und f\u00fcr den Autosalon bedeutet das, dass die Verantwortlichen n\u00e4chstes Jahr nur noch Sparmodelle zulassen und den Benzins\u00e4ufern keinen Raum mehr gew\u00e4hren d\u00fcrfen. Will sich der Autosalon wahrhaft fortschrittlich pr\u00e4sentieren, dann haben etwa Offroader dort nichts mehr zu suchen.\u00bb<\/p>\n<\/div>\n","protected":false},"excerpt":{"rendered":"<p>Am diesj\u00e4hrigen Autosalons in Genf, an dem erneut Modelle mit h\u00f6herer Fahrleistung und \u00dcbermotorisierung pr\u00e4sentiert werden, die f\u00fcr massiven Zuwachs des sch\u00e4dlichen Treibhausgases CO2 sorgen und damit die Schweizer Klimaschutzziele&hellip;<\/p>\n","protected":false},"author":23,"featured_media":19803,"comment_status":"closed","ping_status":"open","sticky":false,"template":"","format":"standard","meta":{"_acf_changed":false,"_planet4_optimize_post_is_variant":false,"_planet4_optimize_experiment_name":"","_planet4_optimize_variant_name":"","ep_exclude_from_search":false,"p4_og_title":"","p4_og_description":"","p4_og_image":"","p4_og_image_id":"","p4_seo_canonical_url":"","p4_campaign_name":"","p4_local_project":"","p4_basket_name":"","p4_department":"","footnotes":""},"categories":[1],"tags":[],"p4-page-type":[75],"gpch-article-type":[],"class_list":["post-19801","post","type-post","status-publish","format-standard","has-post-thumbnail","hentry","category-unkategorisiert","p4-page-type-story"],"acf":[],"_links":{"self":[{"href":"https:\/\/www.greenpeace.ch\/de\/wp-json\/wp\/v2\/posts\/19801","targetHints":{"allow":["GET"]}}],"collection":[{"href":"https:\/\/www.greenpeace.ch\/de\/wp-json\/wp\/v2\/posts"}],"about":[{"href":"https:\/\/www.greenpeace.ch\/de\/wp-json\/wp\/v2\/types\/post"}],"author":[{"embeddable":true,"href":"https:\/\/www.greenpeace.ch\/de\/wp-json\/wp\/v2\/users\/23"}],"replies":[{"embeddable":true,"href":"https:\/\/www.greenpeace.ch\/de\/wp-json\/wp\/v2\/comments?post=19801"}],"version-history":[{"count":0,"href":"https:\/\/www.greenpeace.ch\/de\/wp-json\/wp\/v2\/posts\/19801\/revisions"}],"wp:featuredmedia":[{"embeddable":true,"href":"https:\/\/www.greenpeace.ch\/de\/wp-json\/wp\/v2\/media\/19803"}],"wp:attachment":[{"href":"https:\/\/www.greenpeace.ch\/de\/wp-json\/wp\/v2\/media?parent=19801"}],"wp:term":[{"taxonomy":"category","embeddable":true,"href":"https:\/\/www.greenpeace.ch\/de\/wp-json\/wp\/v2\/categories?post=19801"},{"taxonomy":"post_tag","embeddable":true,"href":"https:\/\/www.greenpeace.ch\/de\/wp-json\/wp\/v2\/tags?post=19801"},{"taxonomy":"p4-page-type","embeddable":true,"href":"https:\/\/www.greenpeace.ch\/de\/wp-json\/wp\/v2\/p4-page-type?post=19801"},{"taxonomy":"gpch-article-type","embeddable":true,"href":"https:\/\/www.greenpeace.ch\/de\/wp-json\/wp\/v2\/gpch-article-type?post=19801"}],"curies":[{"name":"wp","href":"https:\/\/api.w.org\/{rel}","templated":true}]}}