{"id":19805,"date":"2005-03-02T00:00:00","date_gmt":"2005-03-01T22:00:00","guid":{"rendered":"https:\/\/master.greenpeace.ch\/beitrag\/19805\/greenpeace-protest-am-autosalon-co2-abgabe-jetzt-2\/"},"modified":"2019-05-30T15:01:20","modified_gmt":"2019-05-30T13:01:20","slug":"greenpeace-protest-am-autosalon-co2-abgabe-jetzt-2","status":"publish","type":"post","link":"https:\/\/www.greenpeace.ch\/de\/story\/19805\/greenpeace-protest-am-autosalon-co2-abgabe-jetzt-2\/","title":{"rendered":"Greenpeace-Protest am Autosalon: CO2-Abgabe jetzt!"},"content":{"rendered":"<p><b>W\u00e4hrend seines Rundgangs am Autosalon haben Greenpeace-AktivistInnen den Bundespr\u00e4sidenten Samuel Schmid und dessen Begleittross immer wieder mit Transparenten \u00abCO2-Abgabe jetzt\u00bb konfrontiert. Die Umweltsch\u00fctzer fordern Schmid auf, sich f\u00fcr eine hohe und sofortige CO2-Abgabe einzusetzen.<\/b><\/p>\n<div>\n<div class=\"events-box small-box left\">\n<div class=\"frame\">\n        <a class=\"open-img EnlargeImage\" href=\"https:\/\/www.greenpeace.ch\/static\/planet4-switzerland-stateless\/2019\/05\/3c0b4c2e-3c0b4c2e-pic355.jpg\" title=\"\"><br \/>\n            <img decoding=\"async\" id=\"ctl00_cphContentArea_Property3_ctl00_ctl02_Image1\" class=\"Thumbnail\" src=\"https:\/\/www.greenpeace.ch\/static\/planet4-switzerland-stateless\/2019\/05\/3c0b4c2e-3c0b4c2e-pic355.jpg\" alt=\"\" style=\"border-width:0px;\"><\/p>\n<p>        <\/a>\n    <\/div>\n<div class=\"events-content no-title\">\n        <span class=\"date\"><\/span><br \/>\n        <strong><\/strong><\/p>\n<p>\n            \u00a9 W\u00fcrtenberg \/ Greenpeace\n        <\/p>\n<\/p>\n<\/div>\n<\/div>\n<p class=\"bodytext\">Z\u00fcrich\/Genf. Denn auch der pomp\u00f6se 75. Autosalon in Genf zeigt: Die Autoindustrie pusht prim\u00e4r verbrauchsintensive und klimasch\u00e4digende Grossfahrzeuge mit hohem CO2-Ausstoss. Bundespr\u00e4sident Schmid sitzt im Patronat und im Ehrenkomitee des diesj\u00e4hrigen Autosalons. Der Gesamtbundesrat wird demn\u00e4chst \u00fcber die CO2-Abgabe entscheiden. Dann d\u00fcrfen nicht Patronatspflichten gegen\u00fcber der Autolobby entscheiden, sondern der Klimaschutz und damit das Wohl der Bev\u00f6lkerung muss im Vordergrund stehen.<\/p>\n<\/div>\n","protected":false},"excerpt":{"rendered":"<p>W\u00e4hrend seines Rundgangs am Autosalon haben Greenpeace-AktivistInnen den Bundespr\u00e4sidenten Samuel Schmid und dessen Begleittross immer wieder mit Transparenten \u00abCO2-Abgabe jetzt\u00bb konfrontiert. Die Umweltsch\u00fctzer fordern Schmid auf, sich f\u00fcr eine hohe&hellip;<\/p>\n","protected":false},"author":23,"featured_media":19807,"comment_status":"closed","ping_status":"open","sticky":false,"template":"","format":"standard","meta":{"_acf_changed":false,"_planet4_optimize_post_is_variant":false,"_planet4_optimize_experiment_name":"","_planet4_optimize_variant_name":"","ep_exclude_from_search":false,"p4_og_title":"","p4_og_description":"","p4_og_image":"","p4_og_image_id":"","p4_seo_canonical_url":"","p4_campaign_name":"","p4_local_project":"","p4_basket_name":"","p4_department":"","footnotes":""},"categories":[1],"tags":[],"p4-page-type":[75],"gpch-article-type":[],"class_list":["post-19805","post","type-post","status-publish","format-standard","has-post-thumbnail","hentry","category-unkategorisiert","p4-page-type-story"],"acf":[],"_links":{"self":[{"href":"https:\/\/www.greenpeace.ch\/de\/wp-json\/wp\/v2\/posts\/19805","targetHints":{"allow":["GET"]}}],"collection":[{"href":"https:\/\/www.greenpeace.ch\/de\/wp-json\/wp\/v2\/posts"}],"about":[{"href":"https:\/\/www.greenpeace.ch\/de\/wp-json\/wp\/v2\/types\/post"}],"author":[{"embeddable":true,"href":"https:\/\/www.greenpeace.ch\/de\/wp-json\/wp\/v2\/users\/23"}],"replies":[{"embeddable":true,"href":"https:\/\/www.greenpeace.ch\/de\/wp-json\/wp\/v2\/comments?post=19805"}],"version-history":[{"count":0,"href":"https:\/\/www.greenpeace.ch\/de\/wp-json\/wp\/v2\/posts\/19805\/revisions"}],"wp:featuredmedia":[{"embeddable":true,"href":"https:\/\/www.greenpeace.ch\/de\/wp-json\/wp\/v2\/media\/19807"}],"wp:attachment":[{"href":"https:\/\/www.greenpeace.ch\/de\/wp-json\/wp\/v2\/media?parent=19805"}],"wp:term":[{"taxonomy":"category","embeddable":true,"href":"https:\/\/www.greenpeace.ch\/de\/wp-json\/wp\/v2\/categories?post=19805"},{"taxonomy":"post_tag","embeddable":true,"href":"https:\/\/www.greenpeace.ch\/de\/wp-json\/wp\/v2\/tags?post=19805"},{"taxonomy":"p4-page-type","embeddable":true,"href":"https:\/\/www.greenpeace.ch\/de\/wp-json\/wp\/v2\/p4-page-type?post=19805"},{"taxonomy":"gpch-article-type","embeddable":true,"href":"https:\/\/www.greenpeace.ch\/de\/wp-json\/wp\/v2\/gpch-article-type?post=19805"}],"curies":[{"name":"wp","href":"https:\/\/api.w.org\/{rel}","templated":true}]}}