{"id":19833,"date":"2005-01-30T00:00:00","date_gmt":"2005-01-29T22:00:00","guid":{"rendered":"https:\/\/master.greenpeace.ch\/beitrag\/19833\/robbenjagd-als-touristenattraktion-in-norwegen\/"},"modified":"2019-05-30T15:01:59","modified_gmt":"2019-05-30T13:01:59","slug":"robbenjagd-als-touristenattraktion-in-norwegen","status":"publish","type":"post","link":"https:\/\/www.greenpeace.ch\/de\/story\/19833\/robbenjagd-als-touristenattraktion-in-norwegen\/","title":{"rendered":"Robbenjagd als Touristenattraktion in Norwegen"},"content":{"rendered":"<p><b>Ab M\u00e4rz d\u00fcrfen Touristen in Norwegen Robben t\u00f6ten. Damit hat die norwegische Regierung am Donnerstag einen Beschluss bekr\u00e4ftigt, der schon im letzten Jahr international f\u00fcr heftige Emp\u00f6rung sorgte. Greenpeace protestiert gegen das unw\u00fcrdige Unterfangen.<\/b><\/p>\n<div>\n<div class=\"events-box small-box left\">\n<div class=\"frame\">\n        <a class=\"open-img EnlargeImage\" href=\"https:\/\/www.greenpeace.ch\/static\/planet4-switzerland-stateless\/2019\/05\/763d2174-763d2174-pic374.jpg\" title=\"\"><br \/>\n            <img decoding=\"async\" id=\"ctl00_cphContentArea_Property3_ctl00_ctl01_Image1\" class=\"Thumbnail\" src=\"https:\/\/www.greenpeace.ch\/static\/planet4-switzerland-stateless\/2019\/05\/763d2174-763d2174-pic374.jpg\" alt=\"\" style=\"border-width:0px;\"><\/p>\n<p>        <\/a>\n    <\/div>\n<div class=\"events-content no-title\">\n        <span class=\"date\"><\/span><br \/>\n        <strong><\/strong><\/p>\n<p>\n            \u00a9 Moseid \/ Greenpeace\n        <\/p>\n<\/p>\n<\/div>\n<\/div>\n<p class=\"bodytext\">Z\u00fcrich\/Hamburg. Die Wogen schlugen hoch, als<br \/>\ndie norwegische Regierung im Herbst 2004 ank\u00fcndigte, Robbenjagd als<br \/>\nTouristenattraktion anbieten zu wollen. Wer erinnerte sich nicht an<br \/>\ndie Bilder vom allj\u00e4hrlichen Abschlachten? Dass dergleichen auch<br \/>\nnoch als Urlaubsspass verkauft werden k\u00f6nnte, brachte das Fass f\u00fcr<br \/>\nviele Menschen zum \u00dcberlaufen. Die norwegische Regierung zeigt sich<br \/>\nbislang unbeeindruckt.<\/p>\n<\/div>\n","protected":false},"excerpt":{"rendered":"<p>Ab M\u00e4rz d\u00fcrfen Touristen in Norwegen Robben t\u00f6ten. Damit hat die norwegische Regierung am Donnerstag einen Beschluss bekr\u00e4ftigt, der schon im letzten Jahr international f\u00fcr heftige Emp\u00f6rung sorgte. Greenpeace protestiert&hellip;<\/p>\n","protected":false},"author":23,"featured_media":19835,"comment_status":"closed","ping_status":"open","sticky":false,"template":"","format":"standard","meta":{"_acf_changed":false,"_planet4_optimize_post_is_variant":false,"_planet4_optimize_experiment_name":"","_planet4_optimize_variant_name":"","ep_exclude_from_search":false,"p4_og_title":"","p4_og_description":"","p4_og_image":"","p4_og_image_id":"","p4_seo_canonical_url":"","p4_campaign_name":"","p4_local_project":"","p4_basket_name":"","p4_department":"","footnotes":""},"categories":[1],"tags":[],"p4-page-type":[75],"gpch-article-type":[],"class_list":["post-19833","post","type-post","status-publish","format-standard","has-post-thumbnail","hentry","category-unkategorisiert","p4-page-type-story"],"acf":[],"_links":{"self":[{"href":"https:\/\/www.greenpeace.ch\/de\/wp-json\/wp\/v2\/posts\/19833","targetHints":{"allow":["GET"]}}],"collection":[{"href":"https:\/\/www.greenpeace.ch\/de\/wp-json\/wp\/v2\/posts"}],"about":[{"href":"https:\/\/www.greenpeace.ch\/de\/wp-json\/wp\/v2\/types\/post"}],"author":[{"embeddable":true,"href":"https:\/\/www.greenpeace.ch\/de\/wp-json\/wp\/v2\/users\/23"}],"replies":[{"embeddable":true,"href":"https:\/\/www.greenpeace.ch\/de\/wp-json\/wp\/v2\/comments?post=19833"}],"version-history":[{"count":0,"href":"https:\/\/www.greenpeace.ch\/de\/wp-json\/wp\/v2\/posts\/19833\/revisions"}],"wp:featuredmedia":[{"embeddable":true,"href":"https:\/\/www.greenpeace.ch\/de\/wp-json\/wp\/v2\/media\/19835"}],"wp:attachment":[{"href":"https:\/\/www.greenpeace.ch\/de\/wp-json\/wp\/v2\/media?parent=19833"}],"wp:term":[{"taxonomy":"category","embeddable":true,"href":"https:\/\/www.greenpeace.ch\/de\/wp-json\/wp\/v2\/categories?post=19833"},{"taxonomy":"post_tag","embeddable":true,"href":"https:\/\/www.greenpeace.ch\/de\/wp-json\/wp\/v2\/tags?post=19833"},{"taxonomy":"p4-page-type","embeddable":true,"href":"https:\/\/www.greenpeace.ch\/de\/wp-json\/wp\/v2\/p4-page-type?post=19833"},{"taxonomy":"gpch-article-type","embeddable":true,"href":"https:\/\/www.greenpeace.ch\/de\/wp-json\/wp\/v2\/gpch-article-type?post=19833"}],"curies":[{"name":"wp","href":"https:\/\/api.w.org\/{rel}","templated":true}]}}