{"id":19859,"date":"2005-01-17T00:00:00","date_gmt":"2005-01-16T22:00:00","guid":{"rendered":"https:\/\/master.greenpeace.ch\/beitrag\/19859\/weitere-schlappe-fuer-novartis-co-raeumt-eure-chemiemuelldeponien-endlich-auf-2\/"},"modified":"2019-05-30T15:02:34","modified_gmt":"2019-05-30T13:02:34","slug":"weitere-schlappe-fuer-novartis-co-raeumt-eure-chemiemuelldeponien-endlich-auf-2","status":"publish","type":"post","link":"https:\/\/www.greenpeace.ch\/de\/story\/19859\/weitere-schlappe-fuer-novartis-co-raeumt-eure-chemiemuelldeponien-endlich-auf-2\/","title":{"rendered":"Weitere Schlappe f\u00fcr Novartis &#038; Co. \u2013 R\u00e4umt eure Chemiem\u00fclldeponien endlich auf!"},"content":{"rendered":"<p><b>Seit Jahren lassen Novartis &#038; Co. verlauten, dass die Chemiem\u00fclldeponie Roemisloch im els\u00e4ssischen Dorf Neuwiller kein Problem sei. Die Gemeinde Neuwiler erteilte heute \u2013 gest\u00fctzt auf neue Erkenntnisse von Altlasten-Experte Walter Wildi &#8211; Novartis &#038; Co. den R\u00e4umungsbefehl f\u00fcr die Chemiem\u00fclldeponie.<\/b><\/p>\n<div>\n<div class=\"events-box small-box left\">\n<div class=\"frame\">\n        <a class=\"open-img EnlargeImage\" href=\"https:\/\/www.greenpeace.ch\/static\/planet4-switzerland-stateless\/2019\/05\/2afd175b-2afd175b-pic382.jpg\" title=\"\"><br \/>\n            <img decoding=\"async\" id=\"ctl00_cphContentArea_Property3_ctl00_ctl02_Image1\" class=\"Thumbnail\" src=\"https:\/\/www.greenpeace.ch\/static\/planet4-switzerland-stateless\/2019\/05\/2afd175b-2afd175b-pic382.jpg\" alt=\"\" style=\"border-width:0px;\"><\/p>\n<p>        <\/a>\n    <\/div>\n<div class=\"events-content no-title\">\n        <span class=\"date\"><\/span><br \/>\n        <strong><\/strong><\/p>\n<p>\n            \u00a9 Adair \/ Greenpeace\n        <\/p>\n<\/p>\n<\/div>\n<\/div>\n<p class=\"bodytext\">Z\u00fcrich\/Neuwiller (Frankreich). Die Studie des unabh\u00e4ngigen Experten stellt fest: Die Chemiem\u00fclldeponie Roemisloch ist eine grosse Gefahr f\u00fcr Mensch und Umwelt und muss dringend saniert werden. Nach der R\u00fcckweisung des missratenen Projektes f\u00fcr die Totalsanierung von Bonfol durch den Kanton Jura vom September 2004 ist dies innert weniger Monate die zweite Schlappe f\u00fcr Novartis &amp; Co. in Sachen Chemiem\u00fcll.<\/p>\n<ul class=\"action-items\">\n<li><a title=\"Startet den Datei-Download\" href=\"https:\/\/www.greenpeace.ch\/wp-content\/uploads\/2017\/01\/050106_EvaluationRoemisloch.pdf\" target=\"_self\" rel=\"noopener noreferrer\">Studie Roemisloch von Prof. Walter Wildi, franz. (download 896 KB)<\/a><\/li>\n<li><a title=\"Startet den Datei-Download\" href=\"\/switzerland\/Templates\/Planet3\/Pages\/fileadmin\/user_upload\/Downloads\/de\/Chemie\/050115_PM\" target=\"_self\" rel=\"noopener noreferrer\">Pressemitteilung Gemeinde Neuwiller (download 24KB)<\/a><\/li>\n<\/ul>\n<\/div>\n","protected":false},"excerpt":{"rendered":"<p>Seit Jahren lassen Novartis &#038; Co. verlauten, dass die Chemiem\u00fclldeponie Roemisloch im els\u00e4ssischen Dorf Neuwiller kein Problem sei. Die Gemeinde Neuwiler erteilte heute \u2013 gest\u00fctzt auf neue Erkenntnisse von Altlasten-Experte&hellip;<\/p>\n","protected":false},"author":23,"featured_media":19861,"comment_status":"closed","ping_status":"open","sticky":false,"template":"","format":"standard","meta":{"_acf_changed":false,"_planet4_optimize_post_is_variant":false,"_planet4_optimize_experiment_name":"","_planet4_optimize_variant_name":"","ep_exclude_from_search":false,"p4_og_title":"","p4_og_description":"","p4_og_image":"","p4_og_image_id":"","p4_seo_canonical_url":"","p4_campaign_name":"","p4_local_project":"","p4_basket_name":"","p4_department":"","footnotes":""},"categories":[1],"tags":[],"p4-page-type":[75],"gpch-article-type":[],"class_list":["post-19859","post","type-post","status-publish","format-standard","has-post-thumbnail","hentry","category-unkategorisiert","p4-page-type-story"],"acf":[],"_links":{"self":[{"href":"https:\/\/www.greenpeace.ch\/de\/wp-json\/wp\/v2\/posts\/19859","targetHints":{"allow":["GET"]}}],"collection":[{"href":"https:\/\/www.greenpeace.ch\/de\/wp-json\/wp\/v2\/posts"}],"about":[{"href":"https:\/\/www.greenpeace.ch\/de\/wp-json\/wp\/v2\/types\/post"}],"author":[{"embeddable":true,"href":"https:\/\/www.greenpeace.ch\/de\/wp-json\/wp\/v2\/users\/23"}],"replies":[{"embeddable":true,"href":"https:\/\/www.greenpeace.ch\/de\/wp-json\/wp\/v2\/comments?post=19859"}],"version-history":[{"count":0,"href":"https:\/\/www.greenpeace.ch\/de\/wp-json\/wp\/v2\/posts\/19859\/revisions"}],"wp:featuredmedia":[{"embeddable":true,"href":"https:\/\/www.greenpeace.ch\/de\/wp-json\/wp\/v2\/media\/19861"}],"wp:attachment":[{"href":"https:\/\/www.greenpeace.ch\/de\/wp-json\/wp\/v2\/media?parent=19859"}],"wp:term":[{"taxonomy":"category","embeddable":true,"href":"https:\/\/www.greenpeace.ch\/de\/wp-json\/wp\/v2\/categories?post=19859"},{"taxonomy":"post_tag","embeddable":true,"href":"https:\/\/www.greenpeace.ch\/de\/wp-json\/wp\/v2\/tags?post=19859"},{"taxonomy":"p4-page-type","embeddable":true,"href":"https:\/\/www.greenpeace.ch\/de\/wp-json\/wp\/v2\/p4-page-type?post=19859"},{"taxonomy":"gpch-article-type","embeddable":true,"href":"https:\/\/www.greenpeace.ch\/de\/wp-json\/wp\/v2\/gpch-article-type?post=19859"}],"curies":[{"name":"wp","href":"https:\/\/api.w.org\/{rel}","templated":true}]}}