{"id":19863,"date":"2005-01-17T00:00:00","date_gmt":"2005-01-16T22:00:00","guid":{"rendered":"https:\/\/master.greenpeace.ch\/beitrag\/19863\/massive-unterstuetzung-fuer-die-sofortige-einfuehrung-einer-co2-abgabe-2\/"},"modified":"2019-05-30T15:02:38","modified_gmt":"2019-05-30T13:02:38","slug":"massive-unterstuetzung-fuer-die-sofortige-einfuehrung-einer-co2-abgabe-2","status":"publish","type":"post","link":"https:\/\/www.greenpeace.ch\/de\/story\/19863\/massive-unterstuetzung-fuer-die-sofortige-einfuehrung-einer-co2-abgabe-2\/","title":{"rendered":"Massive Unterst\u00fctzung f\u00fcr die sofortige Einf\u00fchrung einer CO2-Abgabe"},"content":{"rendered":"<p><b>47 nationale Organisationen mit 1,8 Millionen Mitgliedern und Unterst\u00fctzenden verlangen die sofortige Einf\u00fchrung einer CO2-Lenkungsabgabe. Sie verlangen von in einer gemeinsamen Erkl\u00e4rung \u2013 die heute dem Bundesrat \u00fcbergeben wurde \u2013 von der Landesregierung, eine verantwortungsvolle Klimapolitik zu betreiben und das CO2-Gesetz konsequent anzuwenden.<\/b><\/p>\n<div>\n<div class=\"events-box small-box left\">\n<div class=\"frame\">\n        <a class=\"open-img EnlargeImage\" href=\"https:\/\/www.greenpeace.ch\/static\/planet4-switzerland-stateless\/2019\/05\/0e3b6fdf-0e3b6fdf-pic381.jpg\" title=\"\"><br \/>\n            <img decoding=\"async\" id=\"ctl00_cphContentArea_Property3_ctl00_ctl02_Image1\" class=\"Thumbnail\" src=\"https:\/\/www.greenpeace.ch\/static\/planet4-switzerland-stateless\/2019\/05\/0e3b6fdf-0e3b6fdf-pic381.jpg\" alt=\"\" style=\"border-width:0px;\"><\/p>\n<p>        <\/a>\n    <\/div>\n<div class=\"events-content no-title\">\n        <span class=\"date\"><\/span><br \/>\n        <strong><\/strong><\/p>\n<p>\n            \u00a9 Greenpeace\n        <\/p>\n<\/p>\n<\/div>\n<\/div>\n<p class=\"bodytext\"><span class=\"date\">Z\u00fcrich. <\/span><span class=\"text\"> Die Schweiz geh\u00f6rt zu den wichtigsten Verursachern von CO2-Emissionen: Unser Land muss mit gutem Beispiel vorangehen und wirksame Massnahmen im eigenen Land ergreifen. Die CO2-Abgabe n\u00fctzt nicht nur der Umwelt, sondern hat auch positive Auswirkungen auf Wirtschaft, Gesellschaft und Volksgesundheit. Die Einnahmen aus der Lenkungsabgabe werden vollumf\u00e4nglich der Bev\u00f6lkerung r\u00fcckerstattet.<\/span><\/p>\n<\/div>\n","protected":false},"excerpt":{"rendered":"<p>47 nationale Organisationen mit 1,8 Millionen Mitgliedern und Unterst\u00fctzenden verlangen die sofortige Einf\u00fchrung einer CO2-Lenkungsabgabe. Sie verlangen von in einer gemeinsamen Erkl\u00e4rung \u2013 die heute dem Bundesrat \u00fcbergeben wurde \u2013&hellip;<\/p>\n","protected":false},"author":23,"featured_media":19865,"comment_status":"closed","ping_status":"open","sticky":false,"template":"","format":"standard","meta":{"_acf_changed":false,"_planet4_optimize_post_is_variant":false,"_planet4_optimize_experiment_name":"","_planet4_optimize_variant_name":"","ep_exclude_from_search":false,"p4_og_title":"","p4_og_description":"","p4_og_image":"","p4_og_image_id":"","p4_seo_canonical_url":"","p4_campaign_name":"","p4_local_project":"","p4_basket_name":"","p4_department":"","footnotes":""},"categories":[1],"tags":[],"p4-page-type":[75],"gpch-article-type":[],"class_list":["post-19863","post","type-post","status-publish","format-standard","has-post-thumbnail","hentry","category-unkategorisiert","p4-page-type-story"],"acf":[],"_links":{"self":[{"href":"https:\/\/www.greenpeace.ch\/de\/wp-json\/wp\/v2\/posts\/19863","targetHints":{"allow":["GET"]}}],"collection":[{"href":"https:\/\/www.greenpeace.ch\/de\/wp-json\/wp\/v2\/posts"}],"about":[{"href":"https:\/\/www.greenpeace.ch\/de\/wp-json\/wp\/v2\/types\/post"}],"author":[{"embeddable":true,"href":"https:\/\/www.greenpeace.ch\/de\/wp-json\/wp\/v2\/users\/23"}],"replies":[{"embeddable":true,"href":"https:\/\/www.greenpeace.ch\/de\/wp-json\/wp\/v2\/comments?post=19863"}],"version-history":[{"count":0,"href":"https:\/\/www.greenpeace.ch\/de\/wp-json\/wp\/v2\/posts\/19863\/revisions"}],"wp:featuredmedia":[{"embeddable":true,"href":"https:\/\/www.greenpeace.ch\/de\/wp-json\/wp\/v2\/media\/19865"}],"wp:attachment":[{"href":"https:\/\/www.greenpeace.ch\/de\/wp-json\/wp\/v2\/media?parent=19863"}],"wp:term":[{"taxonomy":"category","embeddable":true,"href":"https:\/\/www.greenpeace.ch\/de\/wp-json\/wp\/v2\/categories?post=19863"},{"taxonomy":"post_tag","embeddable":true,"href":"https:\/\/www.greenpeace.ch\/de\/wp-json\/wp\/v2\/tags?post=19863"},{"taxonomy":"p4-page-type","embeddable":true,"href":"https:\/\/www.greenpeace.ch\/de\/wp-json\/wp\/v2\/p4-page-type?post=19863"},{"taxonomy":"gpch-article-type","embeddable":true,"href":"https:\/\/www.greenpeace.ch\/de\/wp-json\/wp\/v2\/gpch-article-type?post=19863"}],"curies":[{"name":"wp","href":"https:\/\/api.w.org\/{rel}","templated":true}]}}