{"id":19978,"date":"2014-04-16T00:00:00","date_gmt":"2014-04-15T22:00:00","guid":{"rendered":"https:\/\/master.greenpeace.ch\/beitrag\/19978\/unsere-projekte-in-der-schweiz\/"},"modified":"2022-03-31T10:43:08","modified_gmt":"2022-03-31T08:43:08","slug":"unsere-projekte-in-der-schweiz","status":"publish","type":"post","link":"https:\/\/www.greenpeace.ch\/de\/story\/19978\/unsere-projekte-in-der-schweiz\/","title":{"rendered":"Unsere Projekte in der Schweiz"},"content":{"rendered":"<p><strong>Seit 1998 haben wir zusammen mit mehr als 13 000 Jugendlichen rund 260 Anlagen gebaut. Daf\u00fcr erhielt Jugendsolar mehrere Auszeichnungen.<\/strong><\/p>\n<p><i><\/i>2010 wurde mit der 178. Anlage die (damals) gr\u00f6sste dachintegrierte Solarstromanlage der Schweiz installiert \u2013 sie deckt den ganzj\u00e4hrigen Strombedarf von 65 Familienhaushalten. Daf\u00fcr gewann Jugendsolar als Partner dieses Projektes den Schweizer Solarpreis zum dritten Mal.<\/p>\n<p>Auch installierten wir auf der Umweltarena Spreitenbach zusammen mit 100 Lehrlingen eine der gr\u00f6ssten Photovoltaikanlagen der Schweiz (750kWp).<\/p>\n<p>In Ebnat-Kappel, einer Gemeinde in der Energieregion Toggenburg realisierten wir mit der tatkr\u00e4ftigen Unterst\u00fctzung von 180 Menschen eine 110 kWp Anlage, errechneten das solare Energieerzeugungspotenzial von 1&#8217;440 D\u00e4chern der ganzen Gemeinde, kochten mit Parabolspiegeln und veranstalteten einen Info-Event f\u00fcr die Bev\u00f6lkerung. Aufgrund unseres intensiven Engagements entschied der Kantonsrat von St. Gallen, einen Solarfonds \u00fcber CHF 100&#8217;000 einzurichten, um zehn weiteren Gemeinden die volle Aussch\u00f6pfung ihres Solarpotenzials zu erm\u00f6glichen.<\/p>\n<p>Die bekannte Energieregion Emmental ist ein weiteres gutes Beispiel: Die zahlreichen Jugendsolarprojekte vor Ort trugen massgeblich dazu bei, dass der solare Stromanteil in weniger als vier Jahren von 1% auf 4% anwuchs.<\/p>\n","protected":false},"excerpt":{"rendered":"<p>Seit 1998 haben wir zusammen mit mehr als 13 000 Jugendlichen rund 260 Anlagen gebaut. Daf\u00fcr erhielt Jugendsolar mehrere Auszeichnungen. 2010 wurde mit der 178. Anlage die (damals) gr\u00f6sste dachintegrierte&hellip;<\/p>\n","protected":false},"author":33,"featured_media":19949,"comment_status":"closed","ping_status":"open","sticky":false,"template":"","format":"standard","meta":{"_acf_changed":false,"_planet4_optimize_post_is_variant":false,"_planet4_optimize_experiment_name":"","_planet4_optimize_variant_name":"","ep_exclude_from_search":false,"p4_og_title":"","p4_og_description":"","p4_og_image":"","p4_og_image_id":"","p4_seo_canonical_url":"","p4_campaign_name":"not set","p4_local_project":"not set","p4_basket_name":"not set","p4_department":"","footnotes":""},"categories":[1],"tags":[45],"p4-page-type":[75],"gpch-article-type":[],"class_list":["post-19978","post","type-post","status-publish","format-standard","has-post-thumbnail","hentry","category-unkategorisiert","tag-jugendsolar","p4-page-type-story"],"acf":[],"_links":{"self":[{"href":"https:\/\/www.greenpeace.ch\/de\/wp-json\/wp\/v2\/posts\/19978","targetHints":{"allow":["GET"]}}],"collection":[{"href":"https:\/\/www.greenpeace.ch\/de\/wp-json\/wp\/v2\/posts"}],"about":[{"href":"https:\/\/www.greenpeace.ch\/de\/wp-json\/wp\/v2\/types\/post"}],"author":[{"embeddable":true,"href":"https:\/\/www.greenpeace.ch\/de\/wp-json\/wp\/v2\/users\/33"}],"replies":[{"embeddable":true,"href":"https:\/\/www.greenpeace.ch\/de\/wp-json\/wp\/v2\/comments?post=19978"}],"version-history":[{"count":0,"href":"https:\/\/www.greenpeace.ch\/de\/wp-json\/wp\/v2\/posts\/19978\/revisions"}],"wp:featuredmedia":[{"embeddable":true,"href":"https:\/\/www.greenpeace.ch\/de\/wp-json\/wp\/v2\/media\/19949"}],"wp:attachment":[{"href":"https:\/\/www.greenpeace.ch\/de\/wp-json\/wp\/v2\/media?parent=19978"}],"wp:term":[{"taxonomy":"category","embeddable":true,"href":"https:\/\/www.greenpeace.ch\/de\/wp-json\/wp\/v2\/categories?post=19978"},{"taxonomy":"post_tag","embeddable":true,"href":"https:\/\/www.greenpeace.ch\/de\/wp-json\/wp\/v2\/tags?post=19978"},{"taxonomy":"p4-page-type","embeddable":true,"href":"https:\/\/www.greenpeace.ch\/de\/wp-json\/wp\/v2\/p4-page-type?post=19978"},{"taxonomy":"gpch-article-type","embeddable":true,"href":"https:\/\/www.greenpeace.ch\/de\/wp-json\/wp\/v2\/gpch-article-type?post=19978"}],"curies":[{"name":"wp","href":"https:\/\/api.w.org\/{rel}","templated":true}]}}