{"id":19987,"date":"2014-04-15T00:00:00","date_gmt":"2014-04-14T22:00:00","guid":{"rendered":"https:\/\/master.greenpeace.ch\/beitrag\/19987\/unsere-projekte-in-anderen-laendern\/"},"modified":"2022-03-31T10:44:15","modified_gmt":"2022-03-31T08:44:15","slug":"unsere-projekte-in-anderen-laendern","status":"publish","type":"post","link":"https:\/\/www.greenpeace.ch\/de\/story\/19987\/unsere-projekte-in-anderen-laendern\/","title":{"rendered":"Unsere Projekte in anderen L\u00e4ndern"},"content":{"rendered":"<p><strong>Seit 2013 teilt youthsolar \u2013 so heissen wir im internationalen Kontext \u2013 sein Know-How auch mit anderen Greenpeace-B\u00fcros weltweit: Das Programm ist als Teil einer nationalen politischen Energie-Kampagne auf ein internationales Level herangewachsen: Insgesamt haben wir in bald zwei Jahrzehnten mehrere hundert Anlagen mit \u00fcber 13\u2019000 jungen Menschen installiert.<\/strong><\/p>\n<p><span style=\"font-weight: 400;\">In Brasilien, Frankreich, Griechenland, der T\u00fcrkei und bald weiteren L\u00e4ndern trainieren wir engagierte, junge Menschen in Solarenergie, mit dem erkl\u00e4rten Ziel, dass sie \u2013 die <\/span><i><span style=\"font-weight: 400;\">Solar-Multiplikatoren <\/span><\/i><span style=\"font-weight: 400;\">\u2013 ihr Wissen und ihre Begeisterung im Land verbreiten, selber Solarprojekte initiieren und begleiten.<\/span><\/p>\n<p><b>Frankreich<\/b><\/p>\n<p><span style=\"font-weight: 400;\">Zusammen mit Greenpeace France haben wir 2015 eine 40 kWp Photovoltaikanlage auf dem Dach der Sporthalle von Ungersheim installiert \u2013 tatkr\u00e4ftige Unterst\u00fctzung erhielten wir von 14 lokalen GymnasiastInnen. Das Projekt dient als anschauliches Beispiel f\u00fcr eine erneuerbare Zukunft, die Kostenersparnisse mit neu entstehenden \u201egr\u00fcnen\u201c Jobs vereint. Der Ort liegt nur 30 km vom ber\u00fchmt-ber\u00fcchtigten AKW Fessenheim entfernt, was die Symbolkraft der Installation verst\u00e4rkt. Ungersheim ist aber nicht nur ein Vorreiter f\u00fcr erneuerbare Energien, sondern auch als <a href=\"https:\/\/transitionnetwork.org\/\" target=\"_blank\" rel=\"noopener noreferrer\">Transition Town<\/a><\/span><span style=\"font-weight: 400;\">\u00a0ein Vorzeigebeispiel einer ganzheitlichen Lebensweise mit biologischem Landbau, energieeffizienten H\u00e4usern, Wind- und Solarenergie, sowie CO<\/span><span style=\"font-weight: 400;\">2<\/span><span style=\"font-weight: 400;\">-freien Transportm\u00f6glichkeiten mit Pferdewagen. Die grosse Er\u00f6ffnungsfeier der Photovoltaikanlage war in das Transition Town-Festival eingebettet und wurde von Rob Hobkins, dem Gr\u00fcnder der gleichnamigen Bewegung, geleitet. Das Projekt genoss grosse mediale Pr\u00e4senz, wodurch umliegende Gemeinden ebenfalls f\u00fcr Sonnenenergie begeistert werden konnten.<\/span><\/p>\n<p>Ebenfalls sehenswert QU&#8217;EST-CE QU&#8217;ON ATTEND? \u2013 ein Film \u00fcber Transition Towns, in dem auch Jugendsolar vorkommt:<\/p>\n<lite-youtube style=\"background-image: url('https:\/\/i.ytimg.com\/vi\/QwLvYV301MA\/hqdefault.jpg');\" videoid=\"QwLvYV301MA\" params=\"rel=0&#038;enablejsapi=1&#038;origin=https%3A%2F%2Fwww.greenpeace.ch&#038;cc_load_policy=1\"><\/lite-youtube>\n<p><b>Brasilien<\/b><\/p>\n<p><span style=\"font-weight: 400;\">2013 installierten wir in Kooperation mit Greenpeace Brasilien eine Photovoltaikanlage in Rio de Janeiro. 2014 folgten zwei weitere Solarprojekte in S\u00e3o Paulo und Uberl\u00e0ndia. Zus\u00e4tzlich haben wir 30 junge und engagierte Menschen in Solartechnologie ausgebildet. Diese Leute \u2013 wir nennen sie Solarmultiplikatoren \u2013 verbreiteten nach ihrem Training ihr gelerntes Wissen und ihre Begeisterung in ganz Brasilien. Eine Solarmultiplikatorin etwa lancierte die Initiative <a href=\"https:\/\/www.facebook.com\/ciupoasolar\/?hc_location=ufi\" target=\"_blank\" rel=\"noopener noreferrer\">Ciupoa solar <\/a><\/span><span style=\"font-weight: 400;\">in ihrer Heimatstadt Porto Alegre. Ein weiteres Beispiel sind die <a href=\"https:\/\/www.facebook.com\/projetosolares\/?notif_t=fbpage_fan_invite&amp;notif_id=1477789469832077)\" target=\"_blank\" rel=\"noopener noreferrer\">Projeto Solares<\/a><\/span><span style=\"font-weight: 400;\">\u00a0in Santarem.<\/span><\/p>\n<p><strong>Griechenland<\/strong><\/p>\n<p>Im Herbst 2016 erfolgte der Kick-Off von Youthsolar in Griechenland mit dem Training von 15 jungen Volont\u00e4ren als Solarmultiplikatoren und einer Fahrradtour durch Athen bei sommerlichen 30 Grad. Die Fahrradtour f\u00fchrte durch die ganze Stadt, um auf das Thema Solarenergie aufmerksam zu machen. An diesem Anlass f\u00fchrten Youthsolar-Freiwillige Workshops zu Solarenergie durch und informierten \u00fcber die Solarkampagne von Greenpeace Griechenland. Im Vordergrund steht dabei, Familien mit tiefen Einkommen den Zugang zu Solarenergie zu erm\u00f6glichen. 2015 wurden durch Greenpeace schon zwei Installationen als Pilotprojekte f\u00fcr Familien mit geringem Einkommen auf Rhodos durchgef\u00fchrt.<\/p>\n<p><b>T\u00fcrkei<\/b><\/p>\n<p><img loading=\"lazy\" decoding=\"async\" class=\"alignleft wp-image-30622 size-medium\" src=\"https:\/\/www.greenpeace.ch\/static\/planet4-switzerland-stateless\/2019\/05\/cd9a7957-cd9a7957-caravantour-canakkale-1-300x300.jpg\" alt=\"\" width=\"300\" height=\"300\" \/><\/p>\n<p>G\u00fcne\u015f Kafe \u2013 Solarenergie und Frieden!<\/p>\n<p><span style=\"font-weight: 400;\">Nach all den einschneidenden politischen Ereignissen in der T\u00fcrkei setzten unsere Kollegen von Greenpeace Mediterranean 2016 mit der<\/span><span style=\"font-weight: 400;\"> GPMED Shiptour<\/span><span style=\"font-weight: 400;\"> positive Zeichen der Hoffnung und des Friedens f\u00fcr die Zivilbev\u00f6lkerung. Die Integration von Solarenergie in die Gesellschaft bringt Sicherheit und Gerechtigkeit. Als Begleitung des Greenpeaceschiffs \u201cRainbow-Warrior\u201d tourte auch gleichzeitig eine Solarkarawane mit von Youthsolar trainierten Greenpeace-Mitarbeitern durch die T\u00fcrkei, um f\u00fcr das unersch\u00f6pfliche Potenzial der Solarenergie zu sensibilisieren.<\/span><\/p>\n<p><span style=\"font-weight: 400;\">Allerlei spannende Solaraktivit\u00e4ten wie Solarkino oder solare Kunst und Spiele f\u00fcr die BesucherInnen konnten dabei erfahren werden. Ein Highlight stellten die permanenten Solarladestationen f\u00fcrs Handy dar, die in der N\u00e4he von Fl\u00fcchtlingshotspots installiert wurden. So erm\u00f6glichten wir auch Menschen auf der Flucht Zugang zu erneuerbarer Energie.<\/span><\/p>\n","protected":false},"excerpt":{"rendered":"<p>Seit 2013 teilt youthsolar \u2013 so heissen wir im internationalen Kontext \u2013 sein Know-How auch mit anderen Greenpeace-B\u00fcros weltweit: Das Programm ist als Teil einer nationalen politischen Energie-Kampagne auf ein&hellip;<\/p>\n","protected":false},"author":33,"featured_media":19949,"comment_status":"closed","ping_status":"open","sticky":false,"template":"","format":"standard","meta":{"_acf_changed":false,"_planet4_optimize_post_is_variant":false,"_planet4_optimize_experiment_name":"","_planet4_optimize_variant_name":"","ep_exclude_from_search":false,"p4_og_title":"","p4_og_description":"","p4_og_image":"","p4_og_image_id":"","p4_seo_canonical_url":"","p4_campaign_name":"not set","p4_local_project":"not set","p4_basket_name":"not set","p4_department":"","footnotes":""},"categories":[1],"tags":[45],"p4-page-type":[75],"gpch-article-type":[],"class_list":["post-19987","post","type-post","status-publish","format-standard","has-post-thumbnail","hentry","category-unkategorisiert","tag-jugendsolar","p4-page-type-story"],"acf":[],"_links":{"self":[{"href":"https:\/\/www.greenpeace.ch\/de\/wp-json\/wp\/v2\/posts\/19987","targetHints":{"allow":["GET"]}}],"collection":[{"href":"https:\/\/www.greenpeace.ch\/de\/wp-json\/wp\/v2\/posts"}],"about":[{"href":"https:\/\/www.greenpeace.ch\/de\/wp-json\/wp\/v2\/types\/post"}],"author":[{"embeddable":true,"href":"https:\/\/www.greenpeace.ch\/de\/wp-json\/wp\/v2\/users\/33"}],"replies":[{"embeddable":true,"href":"https:\/\/www.greenpeace.ch\/de\/wp-json\/wp\/v2\/comments?post=19987"}],"version-history":[{"count":0,"href":"https:\/\/www.greenpeace.ch\/de\/wp-json\/wp\/v2\/posts\/19987\/revisions"}],"wp:featuredmedia":[{"embeddable":true,"href":"https:\/\/www.greenpeace.ch\/de\/wp-json\/wp\/v2\/media\/19949"}],"wp:attachment":[{"href":"https:\/\/www.greenpeace.ch\/de\/wp-json\/wp\/v2\/media?parent=19987"}],"wp:term":[{"taxonomy":"category","embeddable":true,"href":"https:\/\/www.greenpeace.ch\/de\/wp-json\/wp\/v2\/categories?post=19987"},{"taxonomy":"post_tag","embeddable":true,"href":"https:\/\/www.greenpeace.ch\/de\/wp-json\/wp\/v2\/tags?post=19987"},{"taxonomy":"p4-page-type","embeddable":true,"href":"https:\/\/www.greenpeace.ch\/de\/wp-json\/wp\/v2\/p4-page-type?post=19987"},{"taxonomy":"gpch-article-type","embeddable":true,"href":"https:\/\/www.greenpeace.ch\/de\/wp-json\/wp\/v2\/gpch-article-type?post=19987"}],"curies":[{"name":"wp","href":"https:\/\/api.w.org\/{rel}","templated":true}]}}