{"id":20140,"date":"2017-07-03T00:00:00","date_gmt":"2017-07-02T22:00:00","guid":{"rendered":"https:\/\/master.greenpeace.ch\/beitrag\/20140\/international-plastic-bag-free-day\/"},"modified":"2019-07-08T15:59:29","modified_gmt":"2019-07-08T13:59:29","slug":"international-plastic-bag-free-day","status":"publish","type":"post","link":"https:\/\/www.greenpeace.ch\/de\/story\/20140\/international-plastic-bag-free-day\/","title":{"rendered":"International Plastic Bag Free Day"},"content":{"rendered":"\n<p><strong>Unsere Meere sind zugem\u00fcllt mit Plastik. Im Mittelmeer macht derzeit das Greenpeace-Flaggschiff Rainbow Warrior auf das Problem aufmerksam und versucht L\u00f6sungen zu finden. Und global animiert heute ein Welttag der sinnvolleren Art dazu, dass wir \u00fcber unseren pers\u00f6nlichen Plastik-Wahn im Alltag nachdenken.<\/strong><\/p>\n\n<p class=\"p1\">Kaum ein Thema hat nicht seinen eigenen Tag im Jahr \u2013 und sei es noch so banal: Es gibt den internationalen Tag der Sonnenbrille, den Tag von Donald Duck und gar den des Apfelstrudels. In der Flut von Gedenk-, Aktions- und Pr\u00e4ventions-Tagen drohen die wirklich wichtigen leider oft unterzugehen \u2013 so wie der heutige&nbsp;<a href=\"https:\/\/www.plasticbagfreeday.org\/\" target=\"_blank\" rel=\"noopener noreferrer\">International Plastic Bag Free Day<\/a>.<\/p>\n\n<figure class=\"wp-block-embed-youtube wp-block-embed is-type-video is-provider-youtube wp-embed-aspect-16-9 wp-has-aspect-ratio\"><div class=\"wp-block-embed__wrapper\">\n<lite-youtube style=\"background-image: url('https:\/\/i.ytimg.com\/vi\/eICvR2CdDyc\/hqdefault.jpg');\" videoid=\"eICvR2CdDyc\" params=\"rel=0&#038;enablejsapi=1&#038;origin=https%3A%2F%2Fwww.greenpeace.ch&#038;cc_load_policy=1\"><\/lite-youtube>\n<\/div><\/figure>\n\n<p>Mit dem Tag ohne Plastiks\u00e4cke macht eine internationale Koalition von NGOs darauf aufmerksam, welche gravierenden Probleme Plastik mit sich bringt. Vor allem Einwegplastik ist ein Desaster f\u00fcr Mensch und Umwelt: Fr\u00fcher oder sp\u00e4ter landet der Plastikm\u00fcll im Meer, zersetzt sich zu Mikroplastik und gelangt in die Nahrungskette, weil er von den Meeresbewohnern f\u00fcr Nahrung gehalten wird.<\/p>\n\n<h2 class=\"wp-block-heading\">Eine Million Plastiks\u00e4ckli pro Minute<\/h2>\n\n<p>Welche Dimension das Problem hat, zeigt ein kurzer Blick in die Statistik: In genau dieser Minute werden weltweit eine Million Einweg-Plastiks\u00e4cke benutzt. Und in der n\u00e4chsten wieder. Ein nicht unerheblicher Teil dieser S\u00e4ckli landet im Meer \u2013 dort macht der Plastik nicht weniger als vier F\u00fcnftel der gesamten Abfallmenge aus.<\/p>\n\n<p class=\"p1\"><a href=\"https:\/\/www.greenpeace.ch\/plastik-kampagne\/\" target=\"_blank\" rel=\"noopener noreferrer\">Zur Zeit tourt die Rainbow Warrior 3 durchs Mittelmeer<\/a>&nbsp;\u2013 unter dem Motto \u00abLess plastic &#8211; more mediterranean\u00bb. An verschiedenen Stationen werden wissenschaftliche Untersuchungen durchgef\u00fchrt \u2013 z.B. \u00fcber den Mikroplastikgehalt von Fischen \u2013, mit Aktionen auf das Thema Plastikverschmutzung aufmerksam gemacht oder Tage der offenen (Schiffs-)T\u00fcr&nbsp;durchgef\u00fchrt. <a href=\"https:\/\/www.greenpeace.ch\/plastik-kampagne\/\" target=\"_blank\" rel=\"noopener noreferrer\">Hier geht es zu ausf\u00fchrlicheren Infos \u00fcber die Tour.<\/a><\/p>\n\n<p class=\"p1\"><a href=\"http:\/\/www.greenpeace.org\/international\/en\/campaigns\/detox\/what-you-can-do\/Plastic-Footprint-Calculator\/\" target=\"_blank\" rel=\"noopener noreferrer\">Unsere Kolleginnen und Kollegen von Greenpeace UK haben ausserdem einen Plastik-Rechner&nbsp;produziert, der interessante Einsichten in deinen pers\u00f6nlichen Plastik-Fussabdruck gew\u00e4hrt (auf Englisch).<\/a><\/p>\n\n<h2 class=\"wp-block-heading\">Dein Beitrag gegen den Plastik-Wahn<\/h2>\n\n<p>Falls du nicht gerade das Gl\u00fcck hast, am Mittelmeer zu weilen und an Bord der Rainbow Warrior gehen kannst \u2013 so kannst du beim Stopp-Plastiks\u00e4ckli-Tag mitmachen und etwas gegen den ganz allt\u00e4glichen Plastik-Wahn unternehmen:<\/p>\n\n<ul class=\"wp-block-list\"><li class=\"p1\">auf Facebook&nbsp;an diesem Event teilnehmen und ein Bild von dir hochladen (Instruktionen auf Englisch im Event): <a href=\"https:\/\/www.facebook.com\/events\/372275036501962\" target=\"_blank\" rel=\"noopener noreferrer\">https:\/\/www.facebook.com\/events\/372275036501962<\/a><\/li><li class=\"p1\">dich auf Twitter oder Instagram mittels <a href=\"https:\/\/twitter.com\/search?q=%23breakfreefromplastic&amp;src=tyah\" target=\"_blank\" rel=\"noopener noreferrer\">Hashtag #breakfreefromplastic<\/a>&nbsp;zum Thema \u00e4ussern<\/li><li class=\"p1\">Freunde und Verwandte \u00fcberzeugen, dass Plastiks\u00e4cke total uncool sind<\/li><li class=\"p1\"><a href=\"https:\/\/www.greenpeace.ch\/plastik-kampagne\/#tipps\" target=\"_blank\" rel=\"noopener noreferrer\">noch mehr Tipps lesen und umsetzen<\/a><\/li><\/ul>\n\n<p class=\"p1\"><strong>Und mein pers\u00f6nlicher Tipp: Lieber Jute statt Plastik! \ud83d\ude09<\/strong><\/p>\n","protected":false},"excerpt":{"rendered":"<p>Unsere Meere sind zugem\u00fcllt mit Plastik. Im Mittelmeer macht derzeit das Greenpeace-Flaggschiff Rainbow Warrior auf das Problem aufmerksam und versucht L\u00f6sungen zu finden. Und global animiert heute ein Welttag der&hellip;<\/p>\n","protected":false},"author":1,"featured_media":20142,"comment_status":"closed","ping_status":"open","sticky":false,"template":"","format":"standard","meta":{"_acf_changed":false,"_planet4_optimize_post_is_variant":false,"_planet4_optimize_experiment_name":"","_planet4_optimize_variant_name":"","ep_exclude_from_search":false,"p4_og_title":"","p4_og_description":"","p4_og_image":"","p4_og_image_id":"","p4_seo_canonical_url":"","p4_campaign_name":"","p4_local_project":"","p4_basket_name":"","p4_department":"","footnotes":""},"categories":[1],"tags":[37,41],"p4-page-type":[75],"gpch-article-type":[],"class_list":["post-20140","post","type-post","status-publish","format-standard","has-post-thumbnail","hentry","category-unkategorisiert","tag-zero-waste","tag-meer","p4-page-type-story"],"acf":[],"_links":{"self":[{"href":"https:\/\/www.greenpeace.ch\/de\/wp-json\/wp\/v2\/posts\/20140","targetHints":{"allow":["GET"]}}],"collection":[{"href":"https:\/\/www.greenpeace.ch\/de\/wp-json\/wp\/v2\/posts"}],"about":[{"href":"https:\/\/www.greenpeace.ch\/de\/wp-json\/wp\/v2\/types\/post"}],"author":[{"embeddable":true,"href":"https:\/\/www.greenpeace.ch\/de\/wp-json\/wp\/v2\/users\/1"}],"replies":[{"embeddable":true,"href":"https:\/\/www.greenpeace.ch\/de\/wp-json\/wp\/v2\/comments?post=20140"}],"version-history":[{"count":0,"href":"https:\/\/www.greenpeace.ch\/de\/wp-json\/wp\/v2\/posts\/20140\/revisions"}],"wp:featuredmedia":[{"embeddable":true,"href":"https:\/\/www.greenpeace.ch\/de\/wp-json\/wp\/v2\/media\/20142"}],"wp:attachment":[{"href":"https:\/\/www.greenpeace.ch\/de\/wp-json\/wp\/v2\/media?parent=20140"}],"wp:term":[{"taxonomy":"category","embeddable":true,"href":"https:\/\/www.greenpeace.ch\/de\/wp-json\/wp\/v2\/categories?post=20140"},{"taxonomy":"post_tag","embeddable":true,"href":"https:\/\/www.greenpeace.ch\/de\/wp-json\/wp\/v2\/tags?post=20140"},{"taxonomy":"p4-page-type","embeddable":true,"href":"https:\/\/www.greenpeace.ch\/de\/wp-json\/wp\/v2\/p4-page-type?post=20140"},{"taxonomy":"gpch-article-type","embeddable":true,"href":"https:\/\/www.greenpeace.ch\/de\/wp-json\/wp\/v2\/gpch-article-type?post=20140"}],"curies":[{"name":"wp","href":"https:\/\/api.w.org\/{rel}","templated":true}]}}