{"id":20266,"date":"2017-09-17T00:00:00","date_gmt":"2017-09-16T22:00:00","guid":{"rendered":"https:\/\/master.greenpeace.ch\/beitrag\/20266\/genug-mit-plastik-in-manila\/"},"modified":"2019-05-30T15:28:12","modified_gmt":"2019-05-30T13:28:12","slug":"genug-mit-plastik-in-manila","status":"publish","type":"post","link":"https:\/\/www.greenpeace.ch\/de\/story\/20266\/genug-mit-plastik-in-manila\/","title":{"rendered":"Genug mit Plastik in Manila"},"content":{"rendered":"<p><strong>M\u00fcll, soweit das Auge reicht: Die Str\u00e4nde der philippinischen Hauptstadt Manila sind \u00fcbers\u00e4t mit Plastik. Mit lokalen Gruppen startet Greenpeace ein\u00a0<a class=\"0\" href=\"http:\/\/www.greenpeace.de\/themen\/endlager-umwelt\/plastikmuell\/gegen-die-plastikflut\" target=\"_blank\" rel=\"nofollow noopener noreferrer\">Projekt gegen diese M\u00fcllflut.\u00a0<\/a>Michael Meyer-Krotz, Campaigner bei Greenpeace Deutschland, unterst\u00fctzt die KollegInnen vor Ort und berichtet hier im Blog. Teil 1.<\/strong><\/p>\n<div id=\"attachment_38418\" style=\"width: 744px\" class=\"wp-caption alignnone\"><img loading=\"lazy\" decoding=\"async\" aria-describedby=\"caption-attachment-38418\" class=\"wp-image-38418 size-full\" src=\"https:\/\/www.greenpeace.ch\/static\/planet4-switzerland-stateless\/2019\/05\/680b7248-680b7248-h0a4420.jpg\" alt=\"\" width=\"734\" height=\"420\" \/><p id=\"caption-attachment-38418\" class=\"wp-caption-text\">Dokumentationstour auf dem Pasig River, gemeinsam mit der Pasig River Rehabilitation Commission \u00a9 Daniel M\u00fcller<\/p><\/div>\n<p><strong>Pasig River: Fluss oder Kloake?<\/strong><\/p>\n<p>Ich bin fassungslos &#8211; dabei bin ich nicht zum ersten Mal in Manila und sehe,\u00a0<a class=\"0\" href=\"http:\/\/gpn.greenpeace.de\/themen\/meere\/die-plastikflut\/\" target=\"_blank\" rel=\"nofollow noopener noreferrer\">was Plastikm\u00fcll aus einst paradiesischen Str\u00e4nden machen kann<\/a>. Umso gl\u00fccklicher bin ich deshalb, dass endlich unser gemeinsames Projekt gegen Einweg-Plastik startet. Zusammen mit meinen \u00a0KollegInnen von Greenpeace Philippinen sowie Partnerorganisationen der internationalen\u00a0<a class=\"0\" href=\"https:\/\/www.breakfreefromplastic.org\/\" target=\"_blank\" rel=\"nofollow noopener noreferrer\"><em>Break Free From Plastic<\/em><span class=\"0\"><span class=\"element-invisible\">\u00a0<\/span><\/span><\/a>-Bewegung sind wir seit heute f\u00fcr die n\u00e4chsten knapp drei Wochen \u00a0auf den Philippinen aktiv, genauer gesagt in der Metropolregion Manila. Start ist eine Dokumentationstour auf dem Pasig River, zusammen mit der\u00a0<a class=\"0\" href=\"http:\/\/www.prrc.gov.ph\/\" target=\"_blank\" rel=\"nofollow noopener noreferrer\"><em>Pasig River Rehabilitation Commission\u00a0<\/em>(PRRC<span class=\"0\"><span class=\"element-invisible\">\u00a0<\/span><\/span><\/a>). Die Tour f\u00fchrt uns auf zwei Zufl\u00fcsse, die die Bucht von Manila speisen.<\/p>\n<p><strong>Wie kommt der Plastikm\u00fcll in die Bucht von Manila und an die Str\u00e4nde?<\/strong><\/p>\n<p>Pasig River galt noch 1990 als biologisch tot und steht heute immerhin noch auf Platz acht der meist verschmutzten Fl\u00fcsse der Welt. Zu Recht.\u00a0\u00a0Wir fahren zun\u00e4chst flussaufw\u00e4rts und biegen dann in den San Juan River ein.\u00a0Uns allen stockt buchst\u00e4blich der Atem. Kleine Bl\u00e4schen, die aufsteigen, zeugen von G\u00e4rungsprozessen im Wasser. Die Br\u00fche ist schlicht widerlich, es stinkt erb\u00e4rmlich. Das ist kein Fluss, das ist eine Kloake. Gekr\u00f6nt wird das Elend von gro\u00dffl\u00e4chig aufschwimmendem Plastikm\u00fcll.<\/p>\n<div id=\"attachment_38419\" style=\"width: 744px\" class=\"wp-caption alignnone\"><img loading=\"lazy\" decoding=\"async\" aria-describedby=\"caption-attachment-38419\" class=\"wp-image-38419 size-full\" src=\"https:\/\/www.greenpeace.ch\/static\/planet4-switzerland-stateless\/2019\/05\/dfbd1b2c-dfbd1b2c-h0a4535.jpg\" alt=\"\" width=\"734\" height=\"420\" \/><p id=\"caption-attachment-38419\" class=\"wp-caption-text\">Der Pasig River ist immer noch unter den Top 10 der dreckigsten Fl\u00fcsse der Welt, und so sehen auch seine Zufl\u00fcsse aus. \u00a9 Daniel M\u00fcller<\/p><\/div>\n<div id=\"attachment_38420\" style=\"width: 744px\" class=\"wp-caption alignnone\"><img loading=\"lazy\" decoding=\"async\" aria-describedby=\"caption-attachment-38420\" class=\"wp-image-38420 size-full\" src=\"https:\/\/www.greenpeace.ch\/static\/planet4-switzerland-stateless\/2019\/05\/eec2cef2-eec2cef2-h0a4724.jpg\" alt=\"\" width=\"734\" height=\"420\" \/><p id=\"caption-attachment-38420\" class=\"wp-caption-text\">Michael Meyer-Krotz arbeitet eng mit Plastik-Expertin Abi Aguilar von Greenpeace S\u00fcdostasien zusammen. \u00a9 Daniel M\u00fcller<\/p><\/div>\n<p>Wir drehen um, zur\u00fcck auf den Pasig Fluss und dann hinunter zu seiner M\u00fcndung in die Bucht von Manila. Hier ergie\u00dft sich der von den Fl\u00fcssen gesammelte M\u00fcll in die Bucht. Meine philippinische Kollegin Abi und ich setzen vier Messbojen ins Wasser. Sie sammeln Positionsdaten und \u00fcbertragen sie an einen Server. \u00a0Wir wollen verfolgen, wie die Str\u00f6mung sie \u2013 und auch den Plastikm\u00fcll aus dem Pasig River \u2013 in die Bucht und dann weiter treibt.<\/p>\n<div id=\"attachment_38421\" style=\"width: 744px\" class=\"wp-caption alignnone\"><img loading=\"lazy\" decoding=\"async\" aria-describedby=\"caption-attachment-38421\" class=\"wp-image-38421 size-full\" src=\"https:\/\/www.greenpeace.ch\/static\/planet4-switzerland-stateless\/2019\/05\/dff1ff2f-dff1ff2f-h0a4646.jpg\" alt=\"\" width=\"734\" height=\"420\" \/><p id=\"caption-attachment-38421\" class=\"wp-caption-text\">Die Bojen senden Daten, anhand derer bestenfalls der Weg des (Plastik-)M\u00fclls nachvollzogen werden kann.<\/p><\/div>\n<p>Nat\u00fcrlich ist es wichtig, verschmutzte Fl\u00fcsse, Seen und Str\u00e4nde sauber zu machen und zu halten. Aber tats\u00e4chlicher Wandel kann nur entstehen, wenn der Eintrag von M\u00fcll gestoppt wird. Und das hei\u00dft f\u00fcr den Plastikm\u00fcll \u00a0\u2013 und nicht nur hier auf den Philippinen \u2013, dass wir dringend weg m\u00fcssen vom Einwegplastik. Selten ist mir das greifbarer und eindringlicher geworden als heute. Jeder kann im Kleinen anfangen \u2013\u00a0<a class=\"0\" href=\"https:\/\/www.greenpeace.de\/themen\/endlager-umwelt\/plastikmuell\/10-tipps-fuer-weniger-plastik\" target=\"_blank\" rel=\"nofollow noopener noreferrer\">einige Tipps haben wir auf der Webseite zusammengestellt.<\/a><\/p>\n<lite-youtube style=\"background-image: url('https:\/\/i.ytimg.com\/vi\/n9tz1OwYc38\/hqdefault.jpg');\" videoid=\"n9tz1OwYc38\" params=\"rel=0&#038;enablejsapi=1&#038;origin=https%3A%2F%2Fwww.greenpeace.ch&#038;cc_load_policy=1\"><\/lite-youtube>\n<p>&nbsp;<\/p>\n<hr \/>\n<p><img loading=\"lazy\" decoding=\"async\" class=\"alignnone size-full wp-image-38422\" src=\"https:\/\/www.greenpeace.ch\/static\/planet4-switzerland-stateless\/2019\/05\/c51c57bd-c51c57bd-gp0sto62i_pressmedia.jpg\" alt=\"\" width=\"65\" height=\"65\" \/>\u00a0 Michael Meyer-Krotz<\/p>\n<article class=\"blog-author blog-author--author-information node node--type-blog-author node--view-mode-author-information\" role=\"article\" data-history-node-id=\"271\">\n<div class=\"blog-author__content\">\n<div class=\"clearfix text-formatted field--field-blog-author-description\">\n<p>Michael Meyer-Krotz (*1961) \u2013 kurz genannt Mikro \u2013 ist als Campaigner f\u00fcr Sonderprojekte bei Greenpeace aktiv.<\/p>\n<\/div>\n<\/div>\n<\/article>\n","protected":false},"excerpt":{"rendered":"<p>M\u00fcll, soweit das Auge reicht: Die Str\u00e4nde der philippinischen Hauptstadt Manila sind \u00fcbers\u00e4t mit Plastik. Mit lokalen Gruppen startet Greenpeace ein\u00a0Projekt gegen diese M\u00fcllflut.\u00a0Michael Meyer-Krotz, Campaigner bei Greenpeace Deutschland, unterst\u00fctzt&hellip;<\/p>\n","protected":false},"author":30,"featured_media":20274,"comment_status":"closed","ping_status":"open","sticky":false,"template":"","format":"standard","meta":{"_acf_changed":false,"_planet4_optimize_post_is_variant":false,"_planet4_optimize_experiment_name":"","_planet4_optimize_variant_name":"","ep_exclude_from_search":false,"p4_og_title":"","p4_og_description":"","p4_og_image":"","p4_og_image_id":"","p4_seo_canonical_url":"","p4_campaign_name":"","p4_local_project":"","p4_basket_name":"","p4_department":"","footnotes":""},"categories":[1],"tags":[33],"p4-page-type":[75],"gpch-article-type":[],"class_list":["post-20266","post","type-post","status-publish","format-standard","has-post-thumbnail","hentry","category-unkategorisiert","tag-ernaehrung","p4-page-type-story"],"acf":[],"_links":{"self":[{"href":"https:\/\/www.greenpeace.ch\/de\/wp-json\/wp\/v2\/posts\/20266","targetHints":{"allow":["GET"]}}],"collection":[{"href":"https:\/\/www.greenpeace.ch\/de\/wp-json\/wp\/v2\/posts"}],"about":[{"href":"https:\/\/www.greenpeace.ch\/de\/wp-json\/wp\/v2\/types\/post"}],"author":[{"embeddable":true,"href":"https:\/\/www.greenpeace.ch\/de\/wp-json\/wp\/v2\/users\/30"}],"replies":[{"embeddable":true,"href":"https:\/\/www.greenpeace.ch\/de\/wp-json\/wp\/v2\/comments?post=20266"}],"version-history":[{"count":0,"href":"https:\/\/www.greenpeace.ch\/de\/wp-json\/wp\/v2\/posts\/20266\/revisions"}],"wp:featuredmedia":[{"embeddable":true,"href":"https:\/\/www.greenpeace.ch\/de\/wp-json\/wp\/v2\/media\/20274"}],"wp:attachment":[{"href":"https:\/\/www.greenpeace.ch\/de\/wp-json\/wp\/v2\/media?parent=20266"}],"wp:term":[{"taxonomy":"category","embeddable":true,"href":"https:\/\/www.greenpeace.ch\/de\/wp-json\/wp\/v2\/categories?post=20266"},{"taxonomy":"post_tag","embeddable":true,"href":"https:\/\/www.greenpeace.ch\/de\/wp-json\/wp\/v2\/tags?post=20266"},{"taxonomy":"p4-page-type","embeddable":true,"href":"https:\/\/www.greenpeace.ch\/de\/wp-json\/wp\/v2\/p4-page-type?post=20266"},{"taxonomy":"gpch-article-type","embeddable":true,"href":"https:\/\/www.greenpeace.ch\/de\/wp-json\/wp\/v2\/gpch-article-type?post=20266"}],"curies":[{"name":"wp","href":"https:\/\/api.w.org\/{rel}","templated":true}]}}