{"id":20853,"date":"2018-10-16T00:00:00","date_gmt":"2018-10-15T22:00:00","guid":{"rendered":"https:\/\/master.greenpeace.ch\/beitrag\/20853\/verpackungsflut-stop-overdressing\/"},"modified":"2019-06-19T11:18:47","modified_gmt":"2019-06-19T09:18:47","slug":"verpackungsflut-stop-overdressing","status":"publish","type":"post","link":"https:\/\/www.greenpeace.ch\/de\/story\/20853\/verpackungsflut-stop-overdressing\/","title":{"rendered":"Verpackungsflut: \u00abStop Overdressing!\u00bb"},"content":{"rendered":"\n<p><span style=\"font-weight: 400;\">Greenpeace-Aktivistinnen und -Aktivisten zeigen heute der Migros vor ihrem Hauptsitz in Z\u00fcrich, was wirklich anziehend ist. Viele Fr\u00fcchte und Gem\u00fcse haben schon ihre eigene, nat\u00fcrliche Schutzh\u00fclle, sie sind also schon \u00abdressed\u00bb. Mit einer zus\u00e4tzlichen, total unn\u00f6tigen Plastik- oder Kartonverpackung sind sie hingegen \u00aboverdressed\u00bb. <\/span><\/p>\n\n<p><span style=\"font-weight: 400;\">Unn\u00f6tig verpackte Fr\u00fcchte und Gem\u00fcse stehen sinnbildlich f\u00fcr unsere Konsum- und Wegwerfgesellschaft. Ausser den USA und D\u00e4nemark produziert niemand so viel Abfall pro Person wie die Schweiz. An der Schnittstelle zwischen Produzenten und Konsumenten tr\u00e4gt der Detailhandel bei der Abfallvermeidung eine essentielle <a href=\"https:\/\/www.greenpeace.ch\/de\/medienmitteilung\/8051\/plastik-wahnsinn-schweizer-grossverteiler-verweigern-transparenz\/\">Verantwortung<\/a>.<\/span><\/p>\n\n<p><span style=\"font-weight: 400;\">Die Migros bezeichnet sich als nachhaltigste Detailh\u00e4ndlerin der Welt. Vor kurzem deckte Greenpeace aber am Beispiel der <a href=\"https:\/\/www.greenpeace.ch\/de\/medienmitteilung\/8055\/greenpeace-tomaten-index-1000-tonnen-plastik-pro-jahr-allein-fuer-tomaten\/\">Tomatenverpackungen<\/a> auf, dass die Migros hier doppelt so viel Plastik verschwendet wie Konkurrentin Coop. <\/span><\/p>\n\n<p><span style=\"font-weight: 400;\">Die Aktivistinnen und Aktivisten fordern von Migros,<\/span><\/p>\n\n<ul class=\"wp-block-list\"><li style=\"font-weight: 400;\"><span style=\"font-weight: 400;\">sich zu einer Vision von Null Abf\u00e4llen zu bekennen,<\/span><\/li><li style=\"font-weight: 400;\"><span style=\"font-weight: 400;\">den gegenw\u00e4rtigen Verbrauch an Verpackungsmaterial offenzulegen, und <\/span><\/li><li style=\"font-weight: 400;\"><span style=\"font-weight: 400;\">darzulegen, wie die Migros die Verpackungsflut eind\u00e4mmen wird.<\/span><\/li><\/ul>\n\n<p>Lass uns gemeinsam ein Zeichen setzen gegen den sinnlosen Plastikwahnsinn in unseren Superm\u00e4rkten.<\/p>\n","protected":false},"excerpt":{"rendered":"<p>Greenpeace-Aktivistinnen und -Aktivisten zeigen heute der Migros vor ihrem Hauptsitz in Z\u00fcrich, was wirklich anziehend ist. Viele Fr\u00fcchte und Gem\u00fcse haben schon ihre eigene, nat\u00fcrliche Schutzh\u00fclle, sie sind also schon&hellip;<\/p>\n","protected":false},"author":1,"featured_media":20855,"comment_status":"closed","ping_status":"open","sticky":false,"template":"","format":"standard","meta":{"_acf_changed":false,"_planet4_optimize_post_is_variant":false,"_planet4_optimize_experiment_name":"","_planet4_optimize_variant_name":"","ep_exclude_from_search":false,"p4_og_title":"","p4_og_description":"","p4_og_image":"","p4_og_image_id":"","p4_seo_canonical_url":"","p4_campaign_name":"","p4_local_project":"","p4_basket_name":"","p4_department":"","footnotes":""},"categories":[1],"tags":[37,41],"p4-page-type":[75],"gpch-article-type":[],"class_list":["post-20853","post","type-post","status-publish","format-standard","has-post-thumbnail","hentry","category-unkategorisiert","tag-zero-waste","tag-meer","p4-page-type-story"],"acf":[],"_links":{"self":[{"href":"https:\/\/www.greenpeace.ch\/de\/wp-json\/wp\/v2\/posts\/20853","targetHints":{"allow":["GET"]}}],"collection":[{"href":"https:\/\/www.greenpeace.ch\/de\/wp-json\/wp\/v2\/posts"}],"about":[{"href":"https:\/\/www.greenpeace.ch\/de\/wp-json\/wp\/v2\/types\/post"}],"author":[{"embeddable":true,"href":"https:\/\/www.greenpeace.ch\/de\/wp-json\/wp\/v2\/users\/1"}],"replies":[{"embeddable":true,"href":"https:\/\/www.greenpeace.ch\/de\/wp-json\/wp\/v2\/comments?post=20853"}],"version-history":[{"count":0,"href":"https:\/\/www.greenpeace.ch\/de\/wp-json\/wp\/v2\/posts\/20853\/revisions"}],"wp:featuredmedia":[{"embeddable":true,"href":"https:\/\/www.greenpeace.ch\/de\/wp-json\/wp\/v2\/media\/20855"}],"wp:attachment":[{"href":"https:\/\/www.greenpeace.ch\/de\/wp-json\/wp\/v2\/media?parent=20853"}],"wp:term":[{"taxonomy":"category","embeddable":true,"href":"https:\/\/www.greenpeace.ch\/de\/wp-json\/wp\/v2\/categories?post=20853"},{"taxonomy":"post_tag","embeddable":true,"href":"https:\/\/www.greenpeace.ch\/de\/wp-json\/wp\/v2\/tags?post=20853"},{"taxonomy":"p4-page-type","embeddable":true,"href":"https:\/\/www.greenpeace.ch\/de\/wp-json\/wp\/v2\/p4-page-type?post=20853"},{"taxonomy":"gpch-article-type","embeddable":true,"href":"https:\/\/www.greenpeace.ch\/de\/wp-json\/wp\/v2\/gpch-article-type?post=20853"}],"curies":[{"name":"wp","href":"https:\/\/api.w.org\/{rel}","templated":true}]}}