{"id":3403,"date":"2015-03-09T00:00:00","date_gmt":"2015-03-08T22:00:00","guid":{"rendered":"https:\/\/master.greenpeace.ch\/beitrag\/3403\/fukushima-statusberichte-2015\/"},"modified":"2019-05-29T17:39:19","modified_gmt":"2019-05-29T15:39:19","slug":"fukushima-statusberichte-2015","status":"publish","type":"post","link":"https:\/\/www.greenpeace.ch\/de\/publikation\/3403\/fukushima-statusberichte-2015\/","title":{"rendered":"Fukushima: Statusberichte 2015"},"content":{"rendered":"<p><b>Am 11. M\u00e4rz 2011 ereignete sich die Atomkatastrophe in Fukushima. Vier Jahre danach ist die Atomkrise immer noch nicht entsch\u00e4rft und deren Bew\u00e4ltigung wird noch Jahrzehnte in Anspruch nehmen. Zwei aktuelle Statusberichte zeigen auf, welche enormen Herausforderungen bestehen und was die Folgen der menschengemachten Katastrophe f\u00fcr die Atomindustrie sind.<\/b><\/p>\n<p><a class=\"custom-link btn btn-default btn-block btn-icon-left\" href=\"https:\/\/www.greenpeace.ch\/static\/planet4-switzerland-stateless\/2019\/05\/7a21b16d-7a21b16d-japans_atomkrise.pdf\" target=\"_blank\" rel=\"noopener noreferrer\">Report: Japans Atomkrise \u2013 Fukushima Daiichi<\/a><\/p>\n<p><a class=\"custom-link btn btn-default btn-block btn-icon-left\" href=\"https:\/\/www.greenpeace.ch\/static\/planet4-switzerland-stateless\/2019\/05\/8e030fa9-8e030fa9-fukushima_folgen.pdf\" target=\"_blank\" rel=\"noopener noreferrer\">Report: Die Folgen von Fukushima \u2013 Wie hat die Atomkatastrophe die globale Nuklearindustrie beeinflusst?<\/a><\/div>\n","protected":false},"excerpt":{"rendered":"<p>Am 11. M\u00e4rz 2011 ereignete sich die Atomkatastrophe in Fukushima. Vier Jahre danach ist die Atomkrise immer noch nicht entsch\u00e4rft und deren Bew\u00e4ltigung wird noch Jahrzehnte in Anspruch nehmen. Zwei&hellip;<\/p>\n","protected":false},"author":23,"featured_media":3405,"comment_status":"closed","ping_status":"open","sticky":false,"template":"","format":"standard","meta":{"_acf_changed":false,"_planet4_optimize_post_is_variant":false,"_planet4_optimize_experiment_name":"","_planet4_optimize_variant_name":"","ep_exclude_from_search":false,"p4_og_title":"","p4_og_description":"","p4_og_image":"","p4_og_image_id":"","p4_seo_canonical_url":"","p4_campaign_name":"","p4_local_project":"","p4_basket_name":"","p4_department":"","footnotes":""},"categories":[1],"tags":[42],"p4-page-type":[52],"gpch-article-type":[],"class_list":["post-3403","post","type-post","status-publish","format-standard","has-post-thumbnail","hentry","category-unkategorisiert","tag-energie","p4-page-type-publikation"],"acf":[],"_links":{"self":[{"href":"https:\/\/www.greenpeace.ch\/de\/wp-json\/wp\/v2\/posts\/3403","targetHints":{"allow":["GET"]}}],"collection":[{"href":"https:\/\/www.greenpeace.ch\/de\/wp-json\/wp\/v2\/posts"}],"about":[{"href":"https:\/\/www.greenpeace.ch\/de\/wp-json\/wp\/v2\/types\/post"}],"author":[{"embeddable":true,"href":"https:\/\/www.greenpeace.ch\/de\/wp-json\/wp\/v2\/users\/23"}],"replies":[{"embeddable":true,"href":"https:\/\/www.greenpeace.ch\/de\/wp-json\/wp\/v2\/comments?post=3403"}],"version-history":[{"count":0,"href":"https:\/\/www.greenpeace.ch\/de\/wp-json\/wp\/v2\/posts\/3403\/revisions"}],"wp:featuredmedia":[{"embeddable":true,"href":"https:\/\/www.greenpeace.ch\/de\/wp-json\/wp\/v2\/media\/3405"}],"wp:attachment":[{"href":"https:\/\/www.greenpeace.ch\/de\/wp-json\/wp\/v2\/media?parent=3403"}],"wp:term":[{"taxonomy":"category","embeddable":true,"href":"https:\/\/www.greenpeace.ch\/de\/wp-json\/wp\/v2\/categories?post=3403"},{"taxonomy":"post_tag","embeddable":true,"href":"https:\/\/www.greenpeace.ch\/de\/wp-json\/wp\/v2\/tags?post=3403"},{"taxonomy":"p4-page-type","embeddable":true,"href":"https:\/\/www.greenpeace.ch\/de\/wp-json\/wp\/v2\/p4-page-type?post=3403"},{"taxonomy":"gpch-article-type","embeddable":true,"href":"https:\/\/www.greenpeace.ch\/de\/wp-json\/wp\/v2\/gpch-article-type?post=3403"}],"curies":[{"name":"wp","href":"https:\/\/api.w.org\/{rel}","templated":true}]}}