{"id":36422,"date":"2019-09-22T16:03:50","date_gmt":"2019-09-22T14:03:50","guid":{"rendered":"https:\/\/www.greenpeace.ch\/?p=36422"},"modified":"2019-10-07T16:11:12","modified_gmt":"2019-10-07T14:11:12","slug":"der-pizolgletscher-ist-tot-gedenkfeier-im-hochgebirge","status":"publish","type":"post","link":"https:\/\/www.greenpeace.ch\/de\/medienmitteilung\/36422\/der-pizolgletscher-ist-tot-gedenkfeier-im-hochgebirge\/","title":{"rendered":"Der Pizolgletscher ist tot \u2013 Gedenkfeier im Hochgebirge"},"content":{"rendered":"\r\n<p><strong>An einer Gedenkfeier am Fuss des Pizolgletschers verabschiedeten sich am Sonntag \u00fcber 200 Personen von dem einst m\u00e4chtigen Eisstrom, der als erster Schweizer Gletscher aus dem Messnetz des Bundes gestrichen wird. Als Auftakt zu einer klimapolitisch entscheidenden Woche machten Entwicklungs- und Umweltorganisationen mit der Feier im Hochgebirge auf die dramatische Klimaerw\u00e4rmung aufmerksam, die nicht nur den Gletschern zusetzt. Im globalen S\u00fcden \u00e4ussert sie sich vor allem in D\u00fcrren und \u00dcberschwemmungen, wie ein Gast aus Laos erkl\u00e4rte. Abgerundet wurde die Feier mit Alphornkl\u00e4ngen und einem Gletschersegen.<\/strong><\/p>\r\n\r\n<p><em>Medienmitteilung von Fastenopfer, Brot f\u00fcr alle, Alpen-Initiative, Greenpeace Schweiz, oeku, Verein Klimaschutz Schweiz<\/em><\/p>\r\n\r\n<p>Der Glaziologe Matthias Huss von der ETH Z\u00fcrich erforscht den Pizolgletscher seit \u00fcber zehn Jahren. Dieses Jahr habe er den Pizolgletscher wohl das letzte Mal vermessen, erkl\u00e4rte Huss an der von Fastenopfer, Brot f\u00fcr alle, Alpen-Initiative, Greenpeace, oeku und Verein Klimaschutz Schweiz veranstalteten Gedenkfeier. Denn er wurde als erster Gletscher aus dem Schweizer Messnetz gestrichen. Huss wies auf den deutlichen Zusammenhang zwischen Gletscherschmelze und Klimawandel hin. \u00abDie H\u00e4ufung von extrem warmen Jahren hat dazu gef\u00fchrt, dass der Pizolgletscher richtiggehend zerf\u00e4llt\u00bb. Dabei ist nicht nur der Pizolgletscher betroffen: Unz\u00e4hlige kleine Gletscher in den Alpen werden in den n\u00e4chsten Jahrzehnten ein \u00e4hnliches Schicksal erleiden.<\/p>\r\n\r\n<p>Der Klimawandel betrifft uns alle, wie Khonemany Inoukham, Koordinatorin von Fastenopfer in Laos eindr\u00fccklich schildert: \u00abKurz bevor ich in die Schweiz kam, wurde mein Land von mehreren St\u00fcrmen getroffen. Getreidefelder wurden \u00fcberschwemmt, Familien mussten aus ihren H\u00e4usern fliehen und haben Land und Besitz verloren.\u00bb Viele \u00e4rmere L\u00e4nder seien vom Klimawandel betroffen, ihnen fehlten aber die Mittel, um darauf zu reagieren. Inoukham forderte deshalb die Schweiz und die industrialisierten L\u00e4nder auf, dringend etwas gegen den Klimawandel zu tun, denn die Folgen m\u00fcssten prim\u00e4r die \u00e4rmsten L\u00e4nder tragen.<\/p>\r\n\r\n<p>Der Gedenkfeier einen geistlichen Impuls aus christlicher Perspektive gew\u00e4hrte der Theologe und Seelsorger Eric Petrini. Er zeigte auf, dass der Klimawandel ein Problem ist, dem man sich nun endlich und entschieden stellen muss: \u00abSich f\u00fcr den Umweltschutz zu engagieren und sich f\u00fcr Nachhaltigkeit einzusetzen ist kein Spiel. Die Sch\u00f6pfung zu bewahren ist G\u00f6ttlicher Auftrag an uns alle. Weil wir alle Teil dieser Sch\u00f6pfung sind und im Bewahren der Sch\u00f6pfung sich unser Menschsein erst wirklich zeigen.\u00bb<\/p>\r\n\r\n<p>Bevor die Feier mit Alphornkl\u00e4ngen zu Ende ging, legte Eric Petrini am Fusse des Gletschers einen Kranz nieder und betete um Beistand und Segen im Engagement f\u00fcr den Klimaschutz.<\/p>\r\n\r\n<h2 class=\"wp-block-heading\">Auftakt zur Klimawoche<\/h2>\r\n\r\n<p>Die Folgen des Klimawandels k\u00f6nnen nur durch resolute Massnahmen aufgehalten werden. Am Fuss des fast vollst\u00e4ndig geschmolzenen Pizolgletschers \u2013 ein trauriges Symbol f\u00fcr den menschgemachten Klimawandel \u2013 forderten die Entwicklungs- und Umweltorganisationen die Schweiz auf, endlich die Massnahmen des 2015 beschlossenen Pariser Klimaabkommens umzusetzen.<\/p>\r\n\r\n<p>Die Gedenkfeier auf dem Pizol markierte zudem den Auftakt zu einer Woche, die ganz im Zeichen des Klimas steht: Am 23. September findet der Weltklimagipfel der UNO statt, gleichentags debattiert der St\u00e4nderat \u00fcber das neue CO2-Gesetz. Am Freitag, 27. September, sind in der ganzen Schweiz Klimastreiks geplant, und am 28. September gipfelt die Klima-Woche in die grosse <a href=\"https:\/\/www.klimademo.ch\/\" target=\"_blank\" rel=\"noreferrer noopener\" aria-label=\"nationale Demonstration der Klima-Allianz (\u00f6ffnet in neuem Tab)\">nationale Demonstration der Klima-Allianz<\/a> in Bern.<\/p>\r\n\r\n<p><a href=\"https:\/\/drive.google.com\/drive\/folders\/1GkHSskJteCT3n50gxS60JRqSj8XEXC_N\" target=\"_blank\" rel=\"noreferrer noopener\" aria-label=\"Fotos zur Gedenkfeier (\u00f6ffnet in neuem Tab)\">Fotos zur Gedenkfeier<\/a><\/p>\r\n\r\n<h2 class=\"wp-block-heading\">Weitere Ausk\u00fcnfte:<\/h2>\r\n\r\n<ul class=\"wp-block-list\">\r\n<li>Stefan Salzmann, Fachverantwortlicher Energie &amp; Klimagerechtigkeit Fastenopfer, Co-Pr\u00e4sident Klima-Allianz (Deutsch und Englisch), +41 227 59 53<\/li>\r\n<li>Alessandra Degiacomi, Netzwerk-Koordinatorin, Verein Klimaschutz Schweiz (Deutsch und Englisch), +41 79 630 74 79<\/li>\r\n<li>Georg Klingler, Klima-Experte, Greenpeace Schweiz, +41 79 785 07 38<\/li>\r\n<\/ul>\r\n","protected":false},"excerpt":{"rendered":"<p>An einer Gedenkfeier am Fuss des Pizolgletschers verabschiedeten sich am Sonntag \u00fcber 200 Personen von dem einst m\u00e4chtigen Eisstrom, der als erster Schweizer Gletscher aus dem Messnetz des Bundes gestrichen wird. Entwicklungs- und Umweltorganisationen machten mit der Feier im Hochgebirge auf die dramatische Klimaerw\u00e4rmung aufmerksam.<\/p>\n","protected":false},"author":39,"featured_media":0,"comment_status":"closed","ping_status":"closed","sticky":false,"template":"","format":"standard","meta":{"_acf_changed":false,"_planet4_optimize_post_is_variant":false,"_planet4_optimize_experiment_name":"","_planet4_optimize_variant_name":"","ep_exclude_from_search":false,"p4_og_title":"","p4_og_description":"","p4_og_image":"","p4_og_image_id":"","p4_seo_canonical_url":"","p4_campaign_name":"not set","p4_local_project":"","p4_basket_name":"not set","p4_department":"","footnotes":""},"categories":[2],"tags":[36,50],"p4-page-type":[71],"gpch-article-type":[],"class_list":["post-36422","post","type-post","status-publish","format-standard","hentry","category-klima","tag-gletscher-initiative","tag-klima","p4-page-type-medienmitteilung"],"acf":[],"_links":{"self":[{"href":"https:\/\/www.greenpeace.ch\/de\/wp-json\/wp\/v2\/posts\/36422","targetHints":{"allow":["GET"]}}],"collection":[{"href":"https:\/\/www.greenpeace.ch\/de\/wp-json\/wp\/v2\/posts"}],"about":[{"href":"https:\/\/www.greenpeace.ch\/de\/wp-json\/wp\/v2\/types\/post"}],"author":[{"embeddable":true,"href":"https:\/\/www.greenpeace.ch\/de\/wp-json\/wp\/v2\/users\/39"}],"replies":[{"embeddable":true,"href":"https:\/\/www.greenpeace.ch\/de\/wp-json\/wp\/v2\/comments?post=36422"}],"version-history":[{"count":0,"href":"https:\/\/www.greenpeace.ch\/de\/wp-json\/wp\/v2\/posts\/36422\/revisions"}],"wp:attachment":[{"href":"https:\/\/www.greenpeace.ch\/de\/wp-json\/wp\/v2\/media?parent=36422"}],"wp:term":[{"taxonomy":"category","embeddable":true,"href":"https:\/\/www.greenpeace.ch\/de\/wp-json\/wp\/v2\/categories?post=36422"},{"taxonomy":"post_tag","embeddable":true,"href":"https:\/\/www.greenpeace.ch\/de\/wp-json\/wp\/v2\/tags?post=36422"},{"taxonomy":"p4-page-type","embeddable":true,"href":"https:\/\/www.greenpeace.ch\/de\/wp-json\/wp\/v2\/p4-page-type?post=36422"},{"taxonomy":"gpch-article-type","embeddable":true,"href":"https:\/\/www.greenpeace.ch\/de\/wp-json\/wp\/v2\/gpch-article-type?post=36422"}],"curies":[{"name":"wp","href":"https:\/\/api.w.org\/{rel}","templated":true}]}}