{"id":6026,"date":"2013-10-16T00:00:00","date_gmt":"2013-10-15T22:00:00","guid":{"rendered":"https:\/\/master.greenpeace.ch\/beitrag\/6026\/statement-zum-uefa-urteil-greenpeace-sympathisiert-mit-fc-basel\/"},"modified":"2019-05-30T07:15:41","modified_gmt":"2019-05-30T05:15:41","slug":"statement-zum-uefa-urteil-greenpeace-sympathisiert-mit-fc-basel","status":"publish","type":"post","link":"https:\/\/www.greenpeace.ch\/de\/medienmitteilung\/6026\/statement-zum-uefa-urteil-greenpeace-sympathisiert-mit-fc-basel\/","title":{"rendered":"Statement zum UEFA-Urteil: Greenpeace sympathisiert mit FC Basel"},"content":{"rendered":"<p><b>Z\u00fcrich, 17. Oktober 2013.<br \/>\nGreenpeace findet den Entscheid der UEFA ungerechtfertigt und bedauert die damit verbundenen Konsequenzen f\u00fcr den FC Basel. Die Umwelt\u00acschutzorganisation sucht das Gespr\u00e4ch.<\/b><\/p>\n<div>\n<p>\u00abWir bedauern, dass die UEFA dem FC Basel eine Busse auferlegt hat. Doch wir freuen uns, dass die Busse nicht h\u00f6her ausgefallen ist\u00bb, meint Verena M\u00fchlberger, Co-Gesch\u00e4ftsleiterin von Greenpeace Schweiz. Greenpeace\u2019s Antwort auf die Busse ist konstruktiv: \u00abWir werden mit dem FC Basel Kontakt aufnehmen, um einen gemeinsamen Weg zu finden.\u00bb<\/p>\n<p>In der Arktis sind in den letzten 30 Jahren 75 Prozent des Eises geschmolzen. Der Gazprom-Konzern setzt dort mit seinen Erd\u00f6lpl\u00e4nen das \u00d6kosystem aufs Spiel. Mit der Aktion w\u00e4hrend des Spiels des FC Basel gegen Schalke 04 machten die Aktivisten und Aktivistinnen der Organisation Greenpeace auf dieses Problem aufmerksam. Gazprom ist Sponsor des deutschen Fussballclubs und der UEFA und unterst\u00fctzt den Verein mit 40 Mio. Euro.<\/p>\n<p>Das Kernanliegen von Greenpeace ist es, weiterhin auf die \u00d6lbohrungen in der Arktis aufmerksam zu machen. \u00abWir k\u00e4mpfen f\u00fcr eine intakte Umwelt und vor allem dort, wo niemand hinschaut!\u00bb, meint Kaspar Schuler, Kampagnenleiter Klima und Energie Greenpeace Schweiz. Der friedliche Protest ist in der jetzigen Phase umso dringlicher, weil Gazprom auf die Arktis-\u00d6lbohrungen dr\u00e4ngt. 28 Greenpeace-Aktivisten, darunter ein Schweizer, und zwei freischaffende Journalisten sind deswegen in Russland ungerechtfertigt inhaftiert.<\/p>\n<p>Medienkontakte: Lilla Lukacs, Mediensprecherin Greenpeace Schweiz 079 861 37 92, <img decoding=\"async\" class=\"obfimg Eoi_1\" src=\"https:\/\/www.greenpeace.ch\/wp-content\/uploads\/2017\/01\/36925e0925a0fec8bf61a0afa0386dc8.png\" alt=\"\"><script type=\"text\/javascript\"><!--\ndocument.write(dc('Eoi_1', '60_07_12_0F_4E_05_03_01_05_10_0E_05_05_12_07_20_13_03_01_0B_15_0C_4E_01_0C_0C_09_0C'));\/\/--><\/script><\/p>\n<p>Kaspar Schuler, Kampagnenleiter Klima und Energie Greenpeace Schweiz 079 702 86 52, <img decoding=\"async\" class=\"obfimg Eoi_2\" src=\"https:\/\/www.greenpeace.ch\/static\/planet4-switzerland-stateless\/2019\/05\/40a11398-40a11398-1e01b42bf9475abf90ff384b1881b360.png\" alt=\"\"><script type=\"text\/javascript\"><!--\ndocument.write(dc('Eoi_2', '23_44_51_4C_0D_46_40_42_46_53_4D_46_46_51_44_63_51_46_4F_56_4B_40_50_0D_51_42_53_50_42_48'));\/\/--><\/script><\/p>\n<p>Weiterf\u00fchrende Informationen finden Sie unter: http:\/\/www.greenpeace.org\/switzerland\/de\/<\/p>\n<\/div>\n","protected":false},"excerpt":{"rendered":"<p>Z\u00fcrich, 17. Oktober 2013. Greenpeace findet den Entscheid der UEFA ungerechtfertigt und bedauert die damit verbundenen Konsequenzen f\u00fcr den FC Basel. Die Umwelt\u00acschutzorganisation sucht das Gespr\u00e4ch. \u00abWir bedauern, dass die&hellip;<\/p>\n","protected":false},"author":23,"featured_media":6028,"comment_status":"closed","ping_status":"open","sticky":false,"template":"","format":"standard","meta":{"_acf_changed":false,"_planet4_optimize_post_is_variant":false,"_planet4_optimize_experiment_name":"","_planet4_optimize_variant_name":"","ep_exclude_from_search":false,"p4_og_title":"","p4_og_description":"","p4_og_image":"","p4_og_image_id":"","p4_seo_canonical_url":"","p4_campaign_name":"","p4_local_project":"","p4_basket_name":"","p4_department":"","footnotes":""},"categories":[1],"tags":[50],"p4-page-type":[71],"gpch-article-type":[],"class_list":["post-6026","post","type-post","status-publish","format-standard","has-post-thumbnail","hentry","category-unkategorisiert","tag-klima","p4-page-type-medienmitteilung"],"acf":[],"_links":{"self":[{"href":"https:\/\/www.greenpeace.ch\/de\/wp-json\/wp\/v2\/posts\/6026","targetHints":{"allow":["GET"]}}],"collection":[{"href":"https:\/\/www.greenpeace.ch\/de\/wp-json\/wp\/v2\/posts"}],"about":[{"href":"https:\/\/www.greenpeace.ch\/de\/wp-json\/wp\/v2\/types\/post"}],"author":[{"embeddable":true,"href":"https:\/\/www.greenpeace.ch\/de\/wp-json\/wp\/v2\/users\/23"}],"replies":[{"embeddable":true,"href":"https:\/\/www.greenpeace.ch\/de\/wp-json\/wp\/v2\/comments?post=6026"}],"version-history":[{"count":0,"href":"https:\/\/www.greenpeace.ch\/de\/wp-json\/wp\/v2\/posts\/6026\/revisions"}],"wp:featuredmedia":[{"embeddable":true,"href":"https:\/\/www.greenpeace.ch\/de\/wp-json\/wp\/v2\/media\/6028"}],"wp:attachment":[{"href":"https:\/\/www.greenpeace.ch\/de\/wp-json\/wp\/v2\/media?parent=6026"}],"wp:term":[{"taxonomy":"category","embeddable":true,"href":"https:\/\/www.greenpeace.ch\/de\/wp-json\/wp\/v2\/categories?post=6026"},{"taxonomy":"post_tag","embeddable":true,"href":"https:\/\/www.greenpeace.ch\/de\/wp-json\/wp\/v2\/tags?post=6026"},{"taxonomy":"p4-page-type","embeddable":true,"href":"https:\/\/www.greenpeace.ch\/de\/wp-json\/wp\/v2\/p4-page-type?post=6026"},{"taxonomy":"gpch-article-type","embeddable":true,"href":"https:\/\/www.greenpeace.ch\/de\/wp-json\/wp\/v2\/gpch-article-type?post=6026"}],"curies":[{"name":"wp","href":"https:\/\/api.w.org\/{rel}","templated":true}]}}