{"id":6078,"date":"2013-05-14T00:00:00","date_gmt":"2013-05-13T22:00:00","guid":{"rendered":"https:\/\/master.greenpeace.ch\/beitrag\/6078\/stromeffizienz-initiative-eingereicht\/"},"modified":"2019-05-30T07:17:08","modified_gmt":"2019-05-30T05:17:08","slug":"stromeffizienz-initiative-eingereicht","status":"publish","type":"post","link":"https:\/\/www.greenpeace.ch\/de\/medienmitteilung\/6078\/stromeffizienz-initiative-eingereicht\/","title":{"rendered":"Stromeffizienz-Initiative eingereicht"},"content":{"rendered":"<p><b>In nur gerade 7 Monaten haben \u00fcber 128&#8217;000 Personen die Initiative f\u00fcr eine Stabilisierung des Stromverbrauchs unterschrieben. Die aktive Sammlung wurde deshalb bereits Anfang April 2013 eingestellt. Heute wurden die Unterschriftenpakete bei der Bundeskanzlei in Bern eingereicht.<\/b><\/p>\n<div>\n<p><span style=\"font-family: 'Arial';\">Pr\u00e4sident und FDP-Nationalrat Ruedi Noser: <span style=\"font-family: 'Arial'; font-style: italic;\">\u201eWir sind gl\u00fccklich dar\u00fcber, dass die Unterschriftensammlung so effizient abgelaufen ist.\u201c<\/span> Gem\u00e4ss Noser hat kaum jemand die Notwendigkeit und den Sinn der Initiative angezweifelt. Trotzdem sei es manchmal hart gewesen, in den kalten Wintermonaten auf die Strasse zu stehen und Unterschriften zu sammeln.<\/span><\/p>\n<p><span style=\"font-family: 'Arial'; font-weight: bold;\">Initiative ist absolut notwendig<\/span><\/p>\n<p><span style=\"font-family: 'Arial';\">Gem\u00e4ss Vizepr\u00e4sident Luc Recordon (St\u00e4nderat VD) ist die Initiative unbedingt notwendig: <span style=\"font-family: 'Arial'; font-style: italic;\">\u201eWas der Bundesrat in seiner Vernehmlassungsvorlage zur Energiestrategie 2050 Ende 2012 vorgelegt hat, ist zu langsam und zu locker. Sie sch\u00f6pft deshalb das Stromeffizienz-Potenzial bei Weitem nicht aus.\u201c<\/span> <\/span><\/p>\n<p><span style=\"font-family: 'Arial';\">Die ebenfalls im Initiativkomitee vertretenen Umweltorganisationen gehen noch weiter. <span style=\"font-family: 'Arial'; font-style: italic;\">\u201eDas Sparpotenzial liegt sogar viel h\u00f6her als von der Initiative anvisiert: Bis 2035 k\u00f6nnen vier F\u00fcnftel des Schweizer Atomstroms \u00fcber Effizienzmassnahmen ersetzt werden. Die Initiative sorgt daf\u00fcr, dass es ein verbindliches Minimalziel gibt &#8211; und so die Energiewende ihr Effizienzversprechen halten muss&#187;,<\/span> so Vorstandsmitglied Kaspar Schuler von Greenpeace. <\/span><\/p>\n<p><span style=\"font-family: 'Arial';\">Dass das in der Initiative formulierte Stromverbrauchsziel, Stabilisierung des Stromverbrauchs bis 2035 auf dem Niveau von 2011, realistisch ist, unterst\u00fctzt auch Elektroplaner und glp-Nationalrat J\u00fcrg Grossen aus Frutigen: <span style=\"font-family: 'Arial'; font-style: italic;\">\u201eIch sehe bei meiner Arbeit tagt\u00e4glich, was bez\u00fcglich Stromeffizienz m\u00f6glich ist. Wenn man den Leuten erkl\u00e4rt, wie sie mit weniger Strom den gleichen Komfort haben k\u00f6nnen, machen sie es.\u201c<\/span><\/span><\/p>\n<p><span style=\"font-family: 'Arial'; font-weight: bold;\">Wie geht es nach der Einreichung weiter?<\/span><\/p>\n<p><span style=\"font-family: 'Arial';\">Patrick Hofstetter, Vorstandsmitglied des Tr\u00e4gervereins und Leiter Klima &amp; Energie WWF Schweiz: <span style=\"font-family: 'Arial'; font-style: italic;\">\u201eJede dritte Kilowattstunde Strom wird verschwendet. Um diese Verschwendung zu stoppen, gibt es verschiedene M\u00f6glichkeiten. Noch im Juni 2013 treffen sich die Mitglieder des Initiativkomitees, der Vorstand sowie externe Experten, um Massnahmen zu diskutieren und zu bewerten\u201c. <\/span><\/span><\/p>\n<p><span style=\"font-family: 'Arial';\">Pr\u00e4sident Ruedi Noser ist es ein grosses Anliegen, drei bis vier Massnahmen herauszusch\u00e4len, welche gen\u00fcgen, um das Effizienzpotenzial zu erschliessen. Ruedi Noser: <span style=\"font-family: 'Arial'; font-style: italic;\">\u201eWeniger ist auch hier mehr. Ich bin \u00fcberzeugt, dass wir einen gemeinsamen Nenner finden werden.\u201c<\/span><\/span><\/p>\n<p><span style=\"font-family: 'Arial'; font-style: italic;\">\u201eIm Herbst starten wir mit vier bis f\u00fcnf regionalen Veranstaltungen eine Sensibilsierungskampagne\u201c, <\/span><span style=\"font-family: 'Arial';\">so Gesch\u00e4ftsf\u00fchrerin Pia Stebler. Die Leute sollen dar\u00fcber informiert werden, welche politischen Massnahmen in der Hitliste des Initiativkomitees ganz oben stehen, und lokal verankerte Unternehmen sollen ihre Produkte und Dienstleistungen zum Stromsparen vorstellen. SVP-Nationalrat und Initiativkomitee-Mitglied Markus Hausammann (TG): <span style=\"font-family: 'Arial'; font-style: italic;\">\u201eMan darf eines nicht vergessen: Effizienzmassnahmen n\u00fctzen dem Verbraucher, schonen das Klima, schaffen Arbeitspl\u00e4tze im Inland und verringern die Auslandabh\u00e4ngigkeit. Wir schlagen somit mehrere Fliegen auf einen Streich.\u201c<\/span><\/span><\/p>\n<p><span style=\"font-family: 'Arial'; font-weight: bold;\">Der Bundesrat kommt am Willen des Volkes nicht vorbei<\/span><\/p>\n<p><span style=\"font-family: 'Arial';\">Mit mehr als 128&#8217;000 Menschen, welche die Initiative unterschrieben haben, muss der Bundesrat zur Kenntnis nehmen, dass sein Stromsparziel weit unter den M\u00f6glichkeiten liegt und dass die Schweizer Stimmb\u00fcrgerinnen und Stimmb\u00fcrger ambiti\u00f6sere Zielvorstellungen haben. <\/span><\/p>\n<p><span style=\"font-family: 'Arial'; font-style: italic; text-decoration: none;\">\u201e<\/span><span style=\"font-family: 'Arial'; font-style: italic;\">Die Wirtschaft hat noch enormes Potenzial, Strom zu sparen. Wir brauchen Rahmenbedingungen, welche die Unternehmen motivieren, in Effizienzmassnahmen zu investieren\u201c, <\/span><span style=\"font-family: 'Arial';\">so Gabi Hildesheimer, Mitglied des Initiativkomitees \/ des Vorstandes und Co-Gesch\u00e4ftsf\u00fchrerin \u00d6bu.<\/span><\/p>\n<p><span style=\"font-family: 'Arial';\">Die aktuellen Pressebilder finden Sie <a title=\" www.photopress.ch\/image\/Aktuell\/Mai+13\/Einreichung+Stromeffizienz-Initiative\" href=\"http:\/\/www.photopress.ch\/image\/Aktuell\/Mai+13\/Einreichung+Stromeffizienz-Initiative\" target=\"_blank\" rel=\"noopener noreferrer\">hier<\/a>.<\/span><\/p>\n<p style=\"margin-bottom: 0pt; line-height: 12pt;\"><span style=\"font-family: 'Arial'; font-weight: bold;\">F\u00fcr R\u00fcckfragen:\u00a0<br \/> \u00a0<br \/> <\/span><span style=\"font-family: 'Arial'; font-size: 10pt;\">&#8211; <span style=\"font-family: 'Arial'; font-size: 10pt; font-weight: bold;\">Ruedi Noser, <\/span>Pr\u00e4sident Verein Stromeffizienz-Initiative \/ Mitglied Initiativkomitee, 076 355 66 64<\/span><\/p>\n<p style=\"margin-bottom: 0pt; line-height: 12pt;\"><span style=\"font-family: 'Arial'; font-size: 10pt;\">&#8211; <span style=\"font-family: 'Arial'; font-size: 10pt; font-weight: bold;\">Luc Recordon<\/span>, Vizepr\u00e4sident Verein Stromeffizienz-Initiative \/ Mitglied Initiativkomitee, 021 345 36 40<\/span><\/p>\n<p style=\"margin-bottom: 0pt; line-height: 12pt;\"><span style=\"font-family: 'Arial'; font-size: 10pt; text-decoration: none;\">&#8211; <\/span><span style=\"font-family: 'Arial'; font-size: 10pt; font-weight: bold;\">J\u00fcrg Grossen<\/span><span style=\"font-family: 'Arial'; font-size: 10pt;\">, Vorstandsmitglied \/ Mitglied Initiativkomitee, 079 444 94 65<\/span><\/p>\n<p style=\"margin-bottom: 0pt; line-height: 12pt;\"><span style=\"font-family: 'Arial'; font-size: 10pt;\">&#8211; <span style=\"font-family: 'Arial'; font-size: 10pt; font-weight: bold;\">Kaspar Schuler,<\/span> Vorstandsmitglied \/ Bereichsleiter Klima &amp; Energie Greenpeace, 079 702 86 52<\/span><\/p>\n<p style=\"margin-bottom: 0pt; line-height: 12pt;\"><span style=\"font-family: 'Arial'; font-size: 10pt;\">&#8211; <span style=\"font-family: 'Arial'; font-size: 10pt; font-weight: bold;\">Patrick Hofstetter<\/span>, Vorstandsmitglied \/ Leiter Klima &amp; Energie WWF, 076 305 67 37<\/span><\/p>\n<p style=\"margin-bottom: 0pt; line-height: 12pt;\"><span style=\"font-family: 'Arial'; font-size: 10pt;\">&#8211; <span style=\"font-family: 'Arial'; font-size: 10pt; font-weight: bold;\">Markus Hausammann, <\/span>Vorstandsmitglied \/ Mitglied Initiativkomitee, 079 340 01 94\u00a0<br \/> <\/span><\/p>\n<p style=\"margin-bottom: 0pt; line-height: 12pt;\"><span style=\"font-family: 'Arial'; font-size: 10pt;\">&#8211; <span style=\"font-family: 'Arial'; font-size: 10pt; font-weight: bold;\">Gabi Hildesheimer,<\/span> Mitglied Initiativkomitee \/ Vorstand, Co-Gesch\u00e4ftsf\u00fchrerin \u00d6bu, 079 470 89 32<\/span><\/p>\n<p style=\"margin-bottom: 0pt; line-height: 12pt;\"><span style=\"font-family: 'Arial'; font-size: 10pt; text-decoration: none;\">&#8211; <\/span><span style=\"font-family: 'Arial'; font-size: 10pt; font-weight: bold;\">Pia Stebler,<\/span><span style=\"font-family: 'Arial'; font-size: 10pt;\"> Gesch\u00e4ftsf\u00fchrerin Verein Stromeffizienz-Initiative, <\/span><span style=\"font-family: 'Microsoft Sans Serif','Arial'; font-size: 10pt;\">079 674 45 45 \u00a0<br \/> <\/span><\/p>\n<p style=\"margin-bottom: 0pt; line-height: 12pt;\"><span style=\"font-family: 'Arial'; font-weight: bold;\">Kontakt:<\/span><span style=\"font-family: Arial; line-height: 12pt;\">\u00a0<\/span><\/p>\n<p style=\"margin-bottom: 0pt; line-height: 12pt;\"><span style=\"font-family: 'Microsoft Sans Serif','Arial';\">Stromeffizienz-Initiative, c\/o Dr. Pia Stebler Consulting, Wengistrasse 18, 4500 Solothurn. \u00a0<br \/> E-Mail: <\/span><a href=\"mailto:info@stromeffizienzinitiative.ch\" target=\"_blank\" rel=\"noopener noreferrer\"><span style=\"font-family: 'Microsoft Sans Serif','Arial';\"><img decoding=\"async\" class=\"obfimg Eoi_1\" src=\"https:\/\/www.greenpeace.ch\/static\/planet4-switzerland-stateless\/2019\/05\/5c48f20e-5c48f20e-2d7b2eda55c17bf310620ad521103144.png\" alt=\"\"><script type=\"text\/javascript\"><!--\ndocument.write(dc('Eoi_1', 'E7_8F_84_C9_82_91_8E_93_86_8E_93_8E_89_8E_9D_89_82_8E_9D_8E_81_81_82_8A_88_95_93_94_A7_88_81_89_8E'));\/\/--><\/script><\/span><\/a><span style=\"font-family: 'Microsoft Sans Serif','Arial';\"> I Telefon: 079 674 45 45 oder 062 824 30 00 <br \/><\/span><\/p>\n<\/div>\n","protected":false},"excerpt":{"rendered":"<p>In nur gerade 7 Monaten haben \u00fcber 128&#8217;000 Personen die Initiative f\u00fcr eine Stabilisierung des Stromverbrauchs unterschrieben. Die aktive Sammlung wurde deshalb bereits Anfang April 2013 eingestellt. Heute wurden die&hellip;<\/p>\n","protected":false},"author":23,"featured_media":6080,"comment_status":"closed","ping_status":"open","sticky":false,"template":"","format":"standard","meta":{"_acf_changed":false,"_planet4_optimize_post_is_variant":false,"_planet4_optimize_experiment_name":"","_planet4_optimize_variant_name":"","ep_exclude_from_search":false,"p4_og_title":"","p4_og_description":"","p4_og_image":"","p4_og_image_id":"","p4_seo_canonical_url":"","p4_campaign_name":"","p4_local_project":"","p4_basket_name":"","p4_department":"","footnotes":""},"categories":[1],"tags":[50],"p4-page-type":[71],"gpch-article-type":[],"class_list":["post-6078","post","type-post","status-publish","format-standard","has-post-thumbnail","hentry","category-unkategorisiert","tag-klima","p4-page-type-medienmitteilung"],"acf":[],"_links":{"self":[{"href":"https:\/\/www.greenpeace.ch\/de\/wp-json\/wp\/v2\/posts\/6078","targetHints":{"allow":["GET"]}}],"collection":[{"href":"https:\/\/www.greenpeace.ch\/de\/wp-json\/wp\/v2\/posts"}],"about":[{"href":"https:\/\/www.greenpeace.ch\/de\/wp-json\/wp\/v2\/types\/post"}],"author":[{"embeddable":true,"href":"https:\/\/www.greenpeace.ch\/de\/wp-json\/wp\/v2\/users\/23"}],"replies":[{"embeddable":true,"href":"https:\/\/www.greenpeace.ch\/de\/wp-json\/wp\/v2\/comments?post=6078"}],"version-history":[{"count":0,"href":"https:\/\/www.greenpeace.ch\/de\/wp-json\/wp\/v2\/posts\/6078\/revisions"}],"wp:featuredmedia":[{"embeddable":true,"href":"https:\/\/www.greenpeace.ch\/de\/wp-json\/wp\/v2\/media\/6080"}],"wp:attachment":[{"href":"https:\/\/www.greenpeace.ch\/de\/wp-json\/wp\/v2\/media?parent=6078"}],"wp:term":[{"taxonomy":"category","embeddable":true,"href":"https:\/\/www.greenpeace.ch\/de\/wp-json\/wp\/v2\/categories?post=6078"},{"taxonomy":"post_tag","embeddable":true,"href":"https:\/\/www.greenpeace.ch\/de\/wp-json\/wp\/v2\/tags?post=6078"},{"taxonomy":"p4-page-type","embeddable":true,"href":"https:\/\/www.greenpeace.ch\/de\/wp-json\/wp\/v2\/p4-page-type?post=6078"},{"taxonomy":"gpch-article-type","embeddable":true,"href":"https:\/\/www.greenpeace.ch\/de\/wp-json\/wp\/v2\/gpch-article-type?post=6078"}],"curies":[{"name":"wp","href":"https:\/\/api.w.org\/{rel}","templated":true}]}}