{"id":60862,"date":"2020-11-17T10:49:18","date_gmt":"2020-11-17T09:49:18","guid":{"rendered":"https:\/\/www.greenpeace.ch\/?p=60862"},"modified":"2025-06-25T14:34:39","modified_gmt":"2025-06-25T12:34:39","slug":"die-welt-brennt-unsere-herzen-auch","status":"publish","type":"post","link":"https:\/\/www.greenpeace.ch\/de\/story\/60862\/die-welt-brennt-unsere-herzen-auch\/","title":{"rendered":"Die Welt brennt. Unsere Herzen auch!"},"content":{"rendered":"\n<p>Noch nie haben so riesige Waldfl\u00e4chen in so vielen Weltgegenden gebrannt. Die Bilder der brennenden W\u00e4lder und der Menschen und Tiere, die vor der Zerst\u00f6rung fliehen, brennen sich in unsere Herzen ein.  Die Existenz und Gesundheit von Millionen von Menschen steht auf dem Spiel. <\/p>\n\n<p>Inmitten dieser Rauchschwaden gibt es jedoch auch Hoffnung.<\/p>\n\n<p>Greenpeace setzt sich auf allen Kontinenten f\u00fcr den Waldschutz ein und bildet seit Jahren lokale Freiwillige in Russland und Indonesien im Feuerl\u00f6schen aus. So ist mittlerweile ein internationales Netzwerk an Feuerl\u00f6schaktivist*innen entstanden. Diese Menschen sind oftmals pers\u00f6nlich betroffen, weil sie mitten in den Brandgebieten leben und den beissenden Rauch \u00fcber Wochen einatmen. Sie wollen nicht l\u00e4nger zuschauen, wie sich die Flammen durch die W\u00e4lder fressen.<\/p>\n\n<blockquote class=\"wp-block-quote is-layout-flow wp-block-quote-is-layout-flow\"><p>Durch unsere freiwillige Feuerl\u00f6scharbeit wollen wir andere dazu bringen, \u00fcber die Br\u00e4nde um uns herum nachzudenken. Sie sollen Regierungsentscheidungen nicht l\u00e4nger dulden, sondern unsere W\u00e4lder mit dem Respekt behandeln, den sie verdienen<\/p><cite>Solbon Sandgiev, sibirischer Feuerl\u00f6schaktivisz<\/cite><\/blockquote>\n\n<p>Die freiwilligen Aktivist*innen gewinnen mit ihren L\u00f6scheins\u00e4tzen kostbare Zeit, die Greenpeace nutzt, um die W\u00e4lder langfristig zu sch\u00fctzen. Dazu m\u00fcssen wir mit unseren Kampagnen noch viel mehr Druck auf die politischen Eliten und Waldbrandprofiteure wie die m\u00e4chtige Fleisch- und Futtermittelindustrie aus\u00fcben.<\/p>\n\n<p><strong>Wie oft hat es dieses Jahr schon gebrannt? <br>Was waren die Ursachen? <br>Wo entstehen gerade neue Br\u00e4nde? <br>Was sind die Folgen f\u00fcr die Klimaerhitzung? <\/strong><\/p>\n\n<p>Mit unserem weltumspannenden Monitoring der Entwaldung und der Br\u00e4nde k\u00f6nnen wir diese und weitere Fragen beantworten. Mit diesen wissenschaftlichen Fakten erh\u00f6hen wir den Druck auf Industrie und Politiker*innen, die von neu gewonnenen Nutzfl\u00e4chen profitieren.<\/p>\n\n<div class=\"wp-block-buttons is-layout-flex wp-block-buttons-is-layout-flex\">\n<div class=\"wp-block-button\"><a class=\"wp-block-button__link\" href=\"https:\/\/maps.greenpeace.org\/fire_dashboard\/\">zum Entwaldungs- und Waldbrand-Monitor<\/a><\/div>\n<\/div>\n<div class=\"action-divider\">\n\t\t\t<p class=\"action-divider-text\"><span class=\"dashicons-before dashicons-heart\"><\/span> Unsere Arbeit wird durch Spenden erm\u00f6glicht.<\/p>\n\t\t<div class=\"wp-block-buttons is-content-justification-center is-layout-flex wp-container-core-buttons-is-layout-1 wp-block-buttons-is-layout-flex\">\n\t\t\t<div class=\"wp-block-button is-style-cta\"><a class=\"wp-block-button__link wp-element-button\" href=\"https:\/\/www.greenpeace.ch\/de\/handeln\/spenden\/\" target=\"_self\">Jetzt spenden<\/a><\/div>\n\t\t<\/div>\n\t<\/div>\n","protected":false},"excerpt":{"rendered":"<p>Greenpeace setzt sich auf allen Kontinenten f\u00fcr den Waldschutz ein und bildet seit Jahren lokale Freiwillige in Russland und Indonesien im Feuerl\u00f6schen aus.<\/p>\n","protected":false},"author":31,"featured_media":60887,"comment_status":"closed","ping_status":"closed","sticky":false,"template":"","format":"standard","meta":{"_acf_changed":false,"_planet4_optimize_post_is_variant":false,"_planet4_optimize_experiment_name":"","_planet4_optimize_variant_name":"","ep_exclude_from_search":false,"p4_og_title":"","p4_og_description":"","p4_og_image":"","p4_og_image_id":"","p4_seo_canonical_url":"","p4_campaign_name":"not set","p4_local_project":"not set","p4_basket_name":"not set","p4_department":"","footnotes":""},"categories":[1],"tags":[40],"p4-page-type":[75],"gpch-article-type":[],"class_list":["post-60862","post","type-post","status-publish","format-standard","has-post-thumbnail","hentry","category-unkategorisiert","tag-wald","p4-page-type-story"],"acf":[],"_links":{"self":[{"href":"https:\/\/www.greenpeace.ch\/de\/wp-json\/wp\/v2\/posts\/60862","targetHints":{"allow":["GET"]}}],"collection":[{"href":"https:\/\/www.greenpeace.ch\/de\/wp-json\/wp\/v2\/posts"}],"about":[{"href":"https:\/\/www.greenpeace.ch\/de\/wp-json\/wp\/v2\/types\/post"}],"author":[{"embeddable":true,"href":"https:\/\/www.greenpeace.ch\/de\/wp-json\/wp\/v2\/users\/31"}],"replies":[{"embeddable":true,"href":"https:\/\/www.greenpeace.ch\/de\/wp-json\/wp\/v2\/comments?post=60862"}],"version-history":[{"count":1,"href":"https:\/\/www.greenpeace.ch\/de\/wp-json\/wp\/v2\/posts\/60862\/revisions"}],"predecessor-version":[{"id":121372,"href":"https:\/\/www.greenpeace.ch\/de\/wp-json\/wp\/v2\/posts\/60862\/revisions\/121372"}],"wp:featuredmedia":[{"embeddable":true,"href":"https:\/\/www.greenpeace.ch\/de\/wp-json\/wp\/v2\/media\/60887"}],"wp:attachment":[{"href":"https:\/\/www.greenpeace.ch\/de\/wp-json\/wp\/v2\/media?parent=60862"}],"wp:term":[{"taxonomy":"category","embeddable":true,"href":"https:\/\/www.greenpeace.ch\/de\/wp-json\/wp\/v2\/categories?post=60862"},{"taxonomy":"post_tag","embeddable":true,"href":"https:\/\/www.greenpeace.ch\/de\/wp-json\/wp\/v2\/tags?post=60862"},{"taxonomy":"p4-page-type","embeddable":true,"href":"https:\/\/www.greenpeace.ch\/de\/wp-json\/wp\/v2\/p4-page-type?post=60862"},{"taxonomy":"gpch-article-type","embeddable":true,"href":"https:\/\/www.greenpeace.ch\/de\/wp-json\/wp\/v2\/gpch-article-type?post=60862"}],"curies":[{"name":"wp","href":"https:\/\/api.w.org\/{rel}","templated":true}]}}