{"id":6119,"date":"2013-02-21T00:00:00","date_gmt":"2013-02-20T22:00:00","guid":{"rendered":"https:\/\/master.greenpeace.ch\/beitrag\/6119\/keine-stromnetze-auf-vorrat-einreichung-stellungnahme-der-umweltallianz-zur-vernehmlassung-strategie-stromnetze\/"},"modified":"2025-06-25T15:37:34","modified_gmt":"2025-06-25T13:37:34","slug":"keine-stromnetze-auf-vorrat-einreichung-stellungnahme-der-umweltallianz-zur-vernehmlassung-strategie-stromnetze","status":"publish","type":"post","link":"https:\/\/www.greenpeace.ch\/de\/medienmitteilung\/6119\/keine-stromnetze-auf-vorrat-einreichung-stellungnahme-der-umweltallianz-zur-vernehmlassung-strategie-stromnetze\/","title":{"rendered":"Keine Stromnetze auf Vorrat: Einreichung Stellungnahme der Umweltallianz zur Vernehmlassung \u201eStrategie Stromnetze\u201c"},"content":{"rendered":"<p><b>Die Schweiz hat eines der besten Stromnetze der Welt. Einen dringenden Ausba\ubedarf gibt es f\u00fcr Greenpeace, Pro Natura, SES und WWF nicht. Erst mittelfristig sind Ausbauten n\u00f6tig, wenn immer mehr dezentrale erneuerbare Kraftwerke die Grosskraftwerke ersetzen.<\/b><\/p>\n<div>\n<div class=\"section\">\n<div class=\"layoutArea\">\n<div class=\"column\">\n<p><span>F\u00fcr die Umweltverb\u00e4nde ist klar: Ein k\u00fcnftiger Netzausbau muss stets auf eine Versorgung mit 100% erneuerbaren Quellen ausgerichtet sein. \u00abDaf\u00fcr braucht es aber kaum neue Hochspannungsleitungen, sondern ein modernes Verteil- und Einspeisenetz\u00bb, sagt Felix Nipkow, Verantwortlicher f\u00fcr Netzfragen bei der Schweizerischen Energiestiftung SES. F\u00fcr Ausbaupl\u00e4ne im \u00dcbertragungsnetz ist nicht die Energiewende ausschlaggebend, sondern grosse Pumpspeicherwerke und die Bed\u00fcrfnisse des internationalen Stromhandels. <\/span><\/p>\n<p><span>Trotz der vergleichsweise komfortablen Situation ist es wichtig, den Netzausbau langfristig zu planen. Die Umweltverb\u00e4nde begr\u00fcssen darum die Stossrichtung der Strategie Stromnetze des Bundes, die noch bis Ende Monat in der Konsultation ist. In vier Punkten muss aber nachgebessert werden: <\/span><\/p>\n<p><span>1. Keine Bevorzugung der Hochspannungsleitungen <\/span><\/p>\n<p><span>Hochspannungsleitungen sollen im neu zu schaffenden Mehrjahresplan automatisch \u00abnationale Bedeutung\u00bb haben. Dies ist unn\u00f6tig bis sch\u00e4dlich. Unn\u00f6tig, weil wichtige Projekte schon heute gegen andere Interessen von nationaler Bedeutung abgewogen werden k\u00f6nnen. Sch\u00e4dlich, weil damit jedes beliebige Leitungsprojekt automatisch gegen nationale Interessen des Natur- und Landschaftsschutzes ausgespielt werden kann. <\/span><\/p>\n<p><span>2. Keine Netzplanung ohne fixe Ausstiegsdaten <\/span><\/p>\n<p><span>Die fehlende Klarheit dar\u00fcber, wie lange die Schweizer Atomkraftwerke am Netz bleiben, stellt einen gravierenden Unsicherheitsfaktor f\u00fcr nachhaltige Investitionen dar. \u00abEine Laufzeitbeschr\u00e4nkung ist nicht nur f\u00fcr die F\u00f6rderung der Erneuerbaren Energien unabdingbar, sondern auch f\u00fcr eine vorausschauende Netzplanung\u00bb, sagt Anne Koch, Energie-Expertin bei Greenpeace Schweiz. Die Umweltverb\u00e4nde fordern daher eine maximale AKW-Laufzeit von 40 Jahren. <\/span><\/p>\n<p><span>3. Keine Intransparenz bei den Netzdaten <\/span><\/p>\n<p><span>F\u00fcr die \u00d6ffentlichkeit und die Umweltverb\u00e4nde ist es unerl\u00e4sslich, dass sie \u00fcber alle Netzdaten verf\u00fcgen, die zur Beurteilung der propagierten Netzausbauten erforderlich sind. \u00abNur so k\u00f6nnen die Umweltverb\u00e4nde und die Bev\u00f6lkerung Netzbetreibern und\u00a0<\/span>Verwaltung im Planungsprozess kritisch auf die Finger schauen, und nur so k\u00f6nnen die n\u00f6tigen Massnahmen in der Bev\u00f6lkerung Akzeptanz finden\u00bb, sagt Elmar Grosse Ruse, Energiefachmann beim WWF Schweiz.<\/p>\n<\/div>\n<\/div>\n<\/div>\n<div class=\"section\">\n<div class=\"layoutArea\">\n<div class=\"column\">\n<p><span>4. Keine \u00fcberdimensionierte Netze <\/span><\/p>\n<p><span>Die Umweltverb\u00e4nde verlangen eine Abkehr vom Dogma, dass die Netze jede produzierte Kilowattstunde zu jeder Zeit aufnehmen m\u00fcssen. Die \u00dcbertragungs- und Verteilnetze sollen nicht so dimensioniert werden, dass auch die h\u00f6chste denkbare Energieerzeugung des Kraftwerkparks der Zukunft transportiert werden kann. Ein Stromnetz, das nur in wenigen Stunden pro Jahr voll ausgelastet ist, ist weder \u00f6konomisch noch \u00f6kologisch sinnvoll. <\/span><\/p>\n<p><span>Weitere Informationen: <\/span><\/p>\n<p><span>Felix Nipkow, Schweizerische Energie-Stiftung SES Projektleiter Netze &amp; Speicher<br \/> Tel 044 275 21 28 <\/span><span><img decoding=\"async\" class=\"obfimg Eoi_1\" src=\"https:\/\/www.greenpeace.ch\/wp-content\/uploads\/2017\/01\/462b798c1985317b4235ecdebb95ee5b.png\" alt=\"\"><script type=\"text\/javascript\"><!--\ndocument.write(dc('Eoi_1', '7D_43_1C_52_41_5D_15_1E_53_1A_13_08_09_1B_14_09_0E_18_14_1A_0F_18_13_18_3D_0A_12_16_0D_14_13_53_05_14_11_18_1B_43_5F_15_1E_53_1A_13_08_09_1B_14_09_0E_18_14_1A_0F_18_13_18_3D_0A_12_16_0D_14_13_53_05_14_11_18_1B_47_12_09_11_14_1C_10_5F_40_1B_18_0F_15_5D_1C_41'));\/\/--><\/script><\/span><\/p>\n<p><span>Anne Koch, Greenpeace Schweiz Energiecampaignerin<br \/> Tel 044 447 41 84 <\/span><span><img decoding=\"async\" class=\"obfimg Eoi_2\" src=\"https:\/\/www.greenpeace.ch\/static\/planet4-switzerland-stateless\/2019\/05\/0f75b3eb-0f75b3eb-878c57fd6ad3a3d974275eea762bec4f.png\" alt=\"\"><script type=\"text\/javascript\"><!--\ndocument.write(dc('Eoi_2', 'C3_FD_A2_EC_FF_E3_A4_B1_AC_ED_A6_A0_A2_A6_B3_AD_A6_A6_B1_A4_83_AB_A0_AC_88_ED_A6_AD_AD_82_FD_E1_A4_B1_AC_ED_A6_A0_A2_A6_B3_AD_A6_A6_B1_A4_83_AB_A0_AC_88_ED_A6_AD_AD_82_F9_AC_B7_AF_AA_A2_AE_E1_FE_A5_A6_B1_AB_E3_A2_FF'));\/\/--><\/script><\/span><\/p>\n<p><span>Elmar Grosse Ruse, WWF Schweiz Projektleiter Klima &amp; Energie<br \/> Tel 078 745 23 41 <\/span><span><img decoding=\"async\" class=\"obfimg Eoi_3\" src=\"https:\/\/www.greenpeace.ch\/wp-content\/uploads\/2017\/01\/d5fe18276d8952c4e4dd2892242c949d.png\" alt=\"\"><script type=\"text\/javascript\"><!--\ndocument.write(dc('Eoi_3', '66_58_07_49_5A_46_0E_05_48_00_11_11_26_03_15_13_34_03_15_15_09_14_21_48_14_07_0B_0A_23_58_44_0E_05_48_00_11_11_26_03_15_13_34_03_15_15_09_14_21_48_14_07_0B_0A_23_5C_09_12_0A_0F_07_0B_44_5B_00_03_14_0E_46_07_5A'));\/\/--><\/script><\/span><\/p>\n<\/div>\n<\/div>\n<div class=\"section\">Hinweis: Die Konsultationsunterlagen sind unter folgendem Link zu finden:\u00a0<a title=\"Bund\" href=\"http:\/\/www.bfe.admin.ch\/themen\/00526\/00527\/index.html?lang=de&amp;dossier_id=05718\">http:\/\/www.bfe.admin.ch\/themen\/00526\/00527\/index.html?lang=de&amp;dossier_id=05718<\/a><\/div>\n<\/div>\n<\/div>\n","protected":false},"excerpt":{"rendered":"<p>Die Schweiz hat eines der besten Stromnetze der Welt. Einen dringenden Ausbaubedarf gibt es f\u00fcr Greenpeace, Pro Natura, SES und WWF nicht. Erst mittelfristig sind Ausbauten n\u00f6tig, wenn immer mehr&hellip;<\/p>\n","protected":false},"author":23,"featured_media":6121,"comment_status":"closed","ping_status":"open","sticky":false,"template":"","format":"standard","meta":{"_acf_changed":false,"_planet4_optimize_post_is_variant":false,"_planet4_optimize_experiment_name":"","_planet4_optimize_variant_name":"","ep_exclude_from_search":false,"p4_og_title":"","p4_og_description":"","p4_og_image":"","p4_og_image_id":"","p4_seo_canonical_url":"","p4_campaign_name":"","p4_local_project":"","p4_basket_name":"","p4_department":"","footnotes":""},"categories":[1],"tags":[50],"p4-page-type":[71],"gpch-article-type":[],"class_list":["post-6119","post","type-post","status-publish","format-standard","has-post-thumbnail","hentry","category-unkategorisiert","tag-klima","p4-page-type-medienmitteilung"],"acf":[],"_links":{"self":[{"href":"https:\/\/www.greenpeace.ch\/de\/wp-json\/wp\/v2\/posts\/6119","targetHints":{"allow":["GET"]}}],"collection":[{"href":"https:\/\/www.greenpeace.ch\/de\/wp-json\/wp\/v2\/posts"}],"about":[{"href":"https:\/\/www.greenpeace.ch\/de\/wp-json\/wp\/v2\/types\/post"}],"author":[{"embeddable":true,"href":"https:\/\/www.greenpeace.ch\/de\/wp-json\/wp\/v2\/users\/23"}],"replies":[{"embeddable":true,"href":"https:\/\/www.greenpeace.ch\/de\/wp-json\/wp\/v2\/comments?post=6119"}],"version-history":[{"count":1,"href":"https:\/\/www.greenpeace.ch\/de\/wp-json\/wp\/v2\/posts\/6119\/revisions"}],"predecessor-version":[{"id":122587,"href":"https:\/\/www.greenpeace.ch\/de\/wp-json\/wp\/v2\/posts\/6119\/revisions\/122587"}],"wp:featuredmedia":[{"embeddable":true,"href":"https:\/\/www.greenpeace.ch\/de\/wp-json\/wp\/v2\/media\/6121"}],"wp:attachment":[{"href":"https:\/\/www.greenpeace.ch\/de\/wp-json\/wp\/v2\/media?parent=6119"}],"wp:term":[{"taxonomy":"category","embeddable":true,"href":"https:\/\/www.greenpeace.ch\/de\/wp-json\/wp\/v2\/categories?post=6119"},{"taxonomy":"post_tag","embeddable":true,"href":"https:\/\/www.greenpeace.ch\/de\/wp-json\/wp\/v2\/tags?post=6119"},{"taxonomy":"p4-page-type","embeddable":true,"href":"https:\/\/www.greenpeace.ch\/de\/wp-json\/wp\/v2\/p4-page-type?post=6119"},{"taxonomy":"gpch-article-type","embeddable":true,"href":"https:\/\/www.greenpeace.ch\/de\/wp-json\/wp\/v2\/gpch-article-type?post=6119"}],"curies":[{"name":"wp","href":"https:\/\/api.w.org\/{rel}","templated":true}]}}