{"id":6200,"date":"2012-09-27T00:00:00","date_gmt":"2012-09-26T22:00:00","guid":{"rendered":"https:\/\/master.greenpeace.ch\/beitrag\/6200\/viele-plaene-doch-kein-termin-fuer-den-atomausstieg\/"},"modified":"2019-05-30T07:20:42","modified_gmt":"2019-05-30T05:20:42","slug":"viele-plaene-doch-kein-termin-fuer-den-atomausstieg","status":"publish","type":"post","link":"https:\/\/www.greenpeace.ch\/de\/medienmitteilung\/6200\/viele-plaene-doch-kein-termin-fuer-den-atomausstieg\/","title":{"rendered":"Viele Pl\u00e4ne, doch&#8230;: &#8230;kein Termin f\u00fcr den Atomausstieg"},"content":{"rendered":"<p><b>Die heute in die Vernehmlassung geschickte Energiestrategie 2050 des Bundesrats enth\u00e4lt zwar eine F\u00fclle von Massnahmen, doch fehlen neben dem richtigen Tempo auch der Wille zur Konsequenz. Der Bundesrat best\u00e4tigt zwar den Atomausstieg, bleibt jedoch den Termin schuldig.<\/b><\/p>\n<div>\n<p>\u201eGreenpeace unterst\u00fctzt den Bundesrat in seinem Mut zum Ausstieg aus der Atomkraft,&#187; betont Kaspar Schuler, Leiter Klima und Energie bei Greenpeace. \u201eDie Vernehmlassungsvorlage enth\u00e4lt zwar eine F\u00fclle an Massnahmen, doch die Vorschl\u00e4ge f\u00fcr den Stromsektor entbehren verbindlicher und in naher Zukunft liegender Ziele, die die Schweiz jetzt zum Handeln zwingen.<\/p>\n<p>Nach wie vor ist der Termin f\u00fcr den Atomausstieg nicht verbindlich festgesetzt. Greenpeace fordert die Abschaltung des letzten Schweizer Atomkraftwerks bis 2025 und den sofortigen Umstieg auf Erneuerbare Energien und Stromeffizienz. Der Bund untersch\u00e4tzt das Potenzial der Solarenergie gravierend und will bis 2035 mit Photovoltaik gerade einmal 5% des Strombedarfs decken.<\/p>\n<p>Mit der Photovoltaik-Kontingentierung verhindert er die Umstellung auf eine Stromproduktion aus 100% Erneuerbare Energien. Deutschland baute allein im Dezember 2011 so viel Solarenergie zu wie die Schweiz insgesamt bis 2035 vorsieht. V\u00f6llig inad\u00e4quat ist auch, dass der Bundesrat bis 2020 gar noch eine Steigerung des Stromverbrauchs zulassen will, obwohl beispielsweise mit einer Lenkungsabgabe auf Strom das gewaltige Effizienzpotenzial ab sofort genutzt werden k\u00f6nnte.\u201c<\/p>\n<p><strong>Weitere Ausk\u00fcnfte<\/strong><\/p>\n<p>Kaspar Schuler, Leiter Klima und Energie bei Greenpeace, Tel.: 044 447 41 80<\/p>\n<p>Trudie Joras, Medienstelle Greenpeace, Tel.: 044 447 41 54<\/p>\n<\/div>\n","protected":false},"excerpt":{"rendered":"<p>Die heute in die Vernehmlassung geschickte Energiestrategie 2050 des Bundesrats enth\u00e4lt zwar eine F\u00fclle von Massnahmen, doch fehlen neben dem richtigen Tempo auch der Wille zur Konsequenz. Der Bundesrat best\u00e4tigt&hellip;<\/p>\n","protected":false},"author":23,"featured_media":0,"comment_status":"closed","ping_status":"open","sticky":false,"template":"","format":"standard","meta":{"_acf_changed":false,"_planet4_optimize_post_is_variant":false,"_planet4_optimize_experiment_name":"","_planet4_optimize_variant_name":"","ep_exclude_from_search":false,"p4_og_title":"","p4_og_description":"","p4_og_image":"","p4_og_image_id":"","p4_seo_canonical_url":"","p4_campaign_name":"","p4_local_project":"","p4_basket_name":"","p4_department":"","footnotes":""},"categories":[1],"tags":[50],"p4-page-type":[71],"gpch-article-type":[],"class_list":["post-6200","post","type-post","status-publish","format-standard","hentry","category-unkategorisiert","tag-klima","p4-page-type-medienmitteilung"],"acf":[],"_links":{"self":[{"href":"https:\/\/www.greenpeace.ch\/de\/wp-json\/wp\/v2\/posts\/6200","targetHints":{"allow":["GET"]}}],"collection":[{"href":"https:\/\/www.greenpeace.ch\/de\/wp-json\/wp\/v2\/posts"}],"about":[{"href":"https:\/\/www.greenpeace.ch\/de\/wp-json\/wp\/v2\/types\/post"}],"author":[{"embeddable":true,"href":"https:\/\/www.greenpeace.ch\/de\/wp-json\/wp\/v2\/users\/23"}],"replies":[{"embeddable":true,"href":"https:\/\/www.greenpeace.ch\/de\/wp-json\/wp\/v2\/comments?post=6200"}],"version-history":[{"count":0,"href":"https:\/\/www.greenpeace.ch\/de\/wp-json\/wp\/v2\/posts\/6200\/revisions"}],"wp:attachment":[{"href":"https:\/\/www.greenpeace.ch\/de\/wp-json\/wp\/v2\/media?parent=6200"}],"wp:term":[{"taxonomy":"category","embeddable":true,"href":"https:\/\/www.greenpeace.ch\/de\/wp-json\/wp\/v2\/categories?post=6200"},{"taxonomy":"post_tag","embeddable":true,"href":"https:\/\/www.greenpeace.ch\/de\/wp-json\/wp\/v2\/tags?post=6200"},{"taxonomy":"p4-page-type","embeddable":true,"href":"https:\/\/www.greenpeace.ch\/de\/wp-json\/wp\/v2\/p4-page-type?post=6200"},{"taxonomy":"gpch-article-type","embeddable":true,"href":"https:\/\/www.greenpeace.ch\/de\/wp-json\/wp\/v2\/gpch-article-type?post=6200"}],"curies":[{"name":"wp","href":"https:\/\/api.w.org\/{rel}","templated":true}]}}