{"id":66617,"date":"2021-04-23T10:24:00","date_gmt":"2021-04-23T08:24:00","guid":{"rendered":"https:\/\/www.greenpeace.ch\/?p=66617"},"modified":"2021-05-04T12:21:03","modified_gmt":"2021-05-04T10:21:03","slug":"gegner-des-neuen-co2-gesetzes-verbreiten-bullshit","status":"publish","type":"post","link":"https:\/\/www.greenpeace.ch\/de\/story\/66617\/gegner-des-neuen-co2-gesetzes-verbreiten-bullshit\/","title":{"rendered":"Gegner des neuen CO2-Gesetzes verbreiten Bullshit"},"content":{"rendered":"\n<p><strong>Die Erd\u00f6l- und Autolobby k\u00e4mpft, unterst\u00fctzt von der SVP, mit allen Mitteln gegen das CO2-Gesetz. Vor allem mit vielen unsinnigen und verdrehten Argumenten \u2013 mit echtem Bullshit. Es ist Zeit, diesen aus der Welt zu r\u00e4umen. Hilfst du mit? <a href=\"https:\/\/www.greenpeace.ch\/de\/handeln\/co2-poster\/\" target=\"_blank\" rel=\"noreferrer noopener\">Bestelle das passende Leiterlispiel dazu.<\/a><\/strong><\/p>\n\n<p>Teuer, nutzlos und ungerecht. Die Erd\u00f6l- und Autolobby sowie die SVP lassen kein gutes Haar am neuen CO2-Gesetz, \u00fcber das wir am 13. Juni 2021 an der Urne befinden. Die Gegner*innen der Vorlage, angef\u00fchrt vom Erd\u00f6llobby-Verband Avenergy, s\u00e4en mit ihren Plakaten und Inseraten Misstrauen. Sie wollen verunsichern und das Klima \u2013 wortw\u00f6rtlich \u2013 vergiften.&nbsp;<\/p>\n\n<p>Dabei verbreiten sie ziemlich viel Unsinn. Deutlicher gesagt: Bullshit. Beispiele gef\u00e4llig?&nbsp;<\/p>\n\n<h2 class=\"wp-block-heading\"><strong>Bullshit nutzlos<\/strong><\/h2>\n\n<p><em>Die CO2-Gesetz-Gegner*innen attestieren der Schweiz eine Vorreiterrolle bez\u00fcglich Klima- und Umweltschutz und behaupten, die Schweiz k\u00f6nne keinen sp\u00fcrbaren Einfluss auf das Klima haben. Bullshit.&nbsp;<\/em><\/p>\n\n<p>Die Schweiz hat alles andere als eine Vorreiterrolle inne. Die deutsche Umweltorganisation Germanwatch hat k\u00fcrzlich den <a href=\"https:\/\/www.germanwatch.org\/de\/19552\">Climate Change Performance Index 2021<\/a> ver\u00f6ffentlicht. Die Schweiz rangiert nur auf dem 14. Platz hinter den nordischen Staaten und Grossbritannien, aber auch hinter L\u00e4ndern wie Marokko, Indien und Chile. Kaum ein Land in Europa hat so viele \u00d6lheizungen wie die Schweiz und setzt Jahr f\u00fcr Jahr die verbrauchsintensivste Neuwagenflotte auf die Strasse. Die Schweiz fliegt so weit weg und doppelt so h\u00e4ufig wie ihre Nachbarn. Wenn man konsumbedingte Emissionen im Ausland und die Auswirkungen der Investitionen des Finanzplatzes mit einberechnet, ist die Schweiz bei den Emissionen global gesehen an sechster Stelle \u2013 also vor 192 weiteren L\u00e4ndern, die oft deutlich gr\u00f6sser und bev\u00f6lkerungsreicher sind.\u00a0<\/p>\n\n<h2 class=\"wp-block-heading\"><strong>Bullshit teuer<\/strong><\/h2>\n\n<p><em>Die Gegner*innen des neuen CO2-Gesetzes behaupten, dass die Wirtschaft, die aufgrund der Corona-Pandemie bereits stark gelitten hat, ruiniert werde. Bullshit.&nbsp;<\/em><\/p>\n\n<p>Die Corona-Krise ist unbestritten eine riesige Herausforderung, insbesondere f\u00fcr die Gastronomie und Hotellerie, f\u00fcr Kleingewerbe, f\u00fcr Selbstst\u00e4ndige und Kulturschaffende. Wer darum das CO2-Gesetz ablehnt, denkt jedoch zu kurzfristig. Das neue CO2-Gesetz ist eine enorme Chance f\u00fcr die Schweizer Wirtschaft \u2013 die Liste der <a href=\"https:\/\/co2-gesetz-jetzt.ch\/\" target=\"_blank\" rel=\"noreferrer noopener\">bef\u00fcrwortenden Unternehmerinnen und Unternehmern und der Wirtschaftsverb\u00e4nde<\/a> ist dementsprechend lange. Durch Klimaschutzmassnahmen werden Jobs und Auftr\u00e4ge f\u00fcr das Schweizer Gewerbe finanziert. Sie bewirken auch Investitionen in Forschung und Innovationen: Wie k\u00f6nnen wir klimaneutrale Brennstoffe aus erneuerbarem Strom besser herstellen? Wie nimmt man CO2 aus der Luft? Wie baut man Flugzeuge, die klimaneutral sind? Von diesen Innovationen profitieren alle.&nbsp;<\/p>\n\n<p>Das Gesetz hilft uns zudem, die Abh\u00e4ngigkeit von importiertem \u00d6l, Gas und Kohle zu reduzieren. So werden wir Arbeitspl\u00e4tze und Wertsch\u00f6pfung in der Schweiz schaffen, statt Milliardenbetr\u00e4ge nach Libyen, Kasachstan usw. zu senden. Wirtschaftlich schlechter gestellte Menschen profitieren in den meisten F\u00e4llen sogar finanziell von der R\u00fcckverteilung der Flugticket- und CO2-Abgabe. Bergregionen profitieren besonders von Finanzierungen aus dem Klimafonds, da f\u00fcr diese extra Mittel reserviert sind, und sie werden in den n\u00f6tigen Anpassungen an den Klimawandel unterst\u00fctzt.<\/p>\n\n<p>Die Klimakrise l\u00f6sen wir nur gemeinsam. Die Mitgliedstaaten des Pariser Klimaabkommens handeln, das ist der Sinn der Vereinbarung. Die Schweiz kann als reiches und angesehenes Land zum Vorbild werden und andere mitziehen. Je l\u00e4nger wir mit dem Klimaschutz zuwarten, desto teurer und ungerechter wird es f\u00fcr kommende Generationen.&nbsp;<\/p>\n\n<h2 class=\"wp-block-heading\"><strong>Bullshit ungerecht<\/strong><\/h2>\n\n<p><em>Die CO2-Gesetz-Gegner*innen drohen, dass f\u00fcr eine vierk\u00f6pfige Familie bis zu 1000 Franken Mehrkosten pro Jahr entstehen k\u00f6nnen. Bullshit.&nbsp;<\/em><\/p>\n\n<p>Die Zahlen der Erd\u00f6llobby sind v\u00f6llig \u00fcbertrieben. Mit einem Extrembeispiel wird Angst gesch\u00fcrt. Zu unrecht: F\u00fcr eine durchschnittliche vierk\u00f6pfige Familie k\u00f6nnen bis 2030 Mehrkosten von rund 100 Franken pro Jahr entstehen. Wer effizienter heizt, auf ein sparsameres Auto umstellt oder weniger fliegt, zahlt weniger oder erh\u00e4lt sogar mehr Geld zur\u00fcck, als er an Abgaben entrichtet. So werden beispielsweise 90 Prozent der Schweizer Bev\u00f6lkerung mindestens gleich viel Geld zur\u00fcckbekommen, wie sie f\u00fcr die Flugticketabgabe ausgeben.<\/p>\n\n<h2 class=\"wp-block-heading\"><strong>Bestelle das \u00abNo Bullshit-Leiterlispiel\u00bb<\/strong><\/h2>\n\n<p>Greenpeace Schweiz hat diese verdrehten Argumente der CO2-Gesetz-Gegner*innen zum Anlass genommen, um ein \u00abNo Bullshit-Leiterlispiel\u00bb zu kreieren. H\u00e4nge das Poster \u00fcberall dort auf, wo du die Menschen in deiner Umgebung auf den Unsinn der Klimaschutz-Gegner*innen aufmerksam machen willst.&nbsp;<\/p>\n\n<div class=\"wp-block-image\"><figure class=\"aligncenter size-medium is-resized\"><a href=\"https:\/\/www.greenpeace.ch\/de\/handeln\/co2-poster\/\" target=\"_blank\" rel=\"noopener\"><img loading=\"lazy\" decoding=\"async\" src=\"https:\/\/www.greenpeace.ch\/static\/planet4-switzerland-stateless\/2021\/04\/8f096e1a-bild-von-poster-beide-seiten-300x300.jpg\" alt=\"\" class=\"wp-image-66753\" width=\"478\" height=\"478\" srcset=\"https:\/\/www.greenpeace.ch\/static\/planet4-switzerland-stateless\/2021\/04\/8f096e1a-bild-von-poster-beide-seiten-300x300.jpg 300w, https:\/\/www.greenpeace.ch\/static\/planet4-switzerland-stateless\/2021\/04\/8f096e1a-bild-von-poster-beide-seiten-1024x1024.jpg 1024w, https:\/\/www.greenpeace.ch\/static\/planet4-switzerland-stateless\/2021\/04\/8f096e1a-bild-von-poster-beide-seiten-150x150.jpg 150w, https:\/\/www.greenpeace.ch\/static\/planet4-switzerland-stateless\/2021\/04\/8f096e1a-bild-von-poster-beide-seiten-768x768.jpg 768w, https:\/\/www.greenpeace.ch\/static\/planet4-switzerland-stateless\/2021\/04\/8f096e1a-bild-von-poster-beide-seiten-340x340.jpg 340w, https:\/\/www.greenpeace.ch\/static\/planet4-switzerland-stateless\/2021\/04\/8f096e1a-bild-von-poster-beide-seiten.jpg 1200w\" sizes=\"auto, (max-width: 478px) 100vw, 478px\" \/><\/a><\/figure><\/div>\n\n<p>Also los, wirf die W\u00fcrfel und r\u00e4ume den Bullshit aus dem Weg, <a href=\"https:\/\/www.greenpeace.ch\/de\/handeln\/co2-poster\/\" target=\"_blank\" rel=\"noreferrer noopener\">bestelle jetzt das kostenlose Poster!<\/a><\/p>\n\n<p>Und sorge daf\u00fcr, dass Bullshit-Argumente auch im wahren Leben nicht zum Ziel f\u00fchren. Sag am 13. Juni 2021 Ja zum neuen CO2-Gesetz \u2013 und motiviere m\u00f6glichst viele Leute, es dir gleich zu tun. Das Poster mit Leiterlispiel eignet sich auch sehr gut als Geschenk f\u00fcr unentschlossene Stimmberechtigte.&nbsp;<\/p>\n\n<p>Das neue CO2-Gesetz ist ein richtiger und sehr wichtiger Schritt f\u00fcr die Schweiz. Auch wenn es nicht gen\u00fcgt, um die Klimakrise zu l\u00f6sen und rasch viele weitere Schritte folgen m\u00fcssen, legt es doch die n\u00f6tige Basis, die wir dringend brauchen, um beim Klimaschutz wirklich vorw\u00e4rts zu kommen.<\/p>\n\n<p><strong>Wird das Gesetz angenommen, gewinnen wir alle.&nbsp;<\/strong><\/p>\n\n<p>P.S. Willst du noch mehr Ja-Argumente zur Hand haben, als wir dir auf dem Plakat liefern? Dann lies <a href=\"https:\/\/www.greenpeace.ch\/de\/story\/63170\/greenpeace-sagt-ja-zum-neuen-co2-gesetz-die-gruende\/\" target=\"_blank\" rel=\"noreferrer noopener\">unseren Blog zum CO2-Gesetz<\/a> und besuche die <a href=\"https:\/\/klimaschutz-ja.ch\/argumente\/\" target=\"_blank\" rel=\"noreferrer noopener\">Website von \u00abKlimaschutz Ja\u00bb<\/a>.&nbsp;<\/p>\n\n<p class=\"has-text-color has-background has-grey-900-color has-grey-200-background-color\">\nAm 13. Juni haben wir dar\u00fcber hinaus die einmalige Chance f\u00fcr einen agrarpolitischen Wandel, der den Begriff \u00abGesundheit\u00bb ganzheitlich denkt. Sowohl die Initiative f\u00fcr sauberes Trinkwasser als auch die Initiative f\u00fcr eine Schweiz ohne Pestizide verlangen einen gesunden Umgang mit der Natur, insbesondere in der Landwirtschaft. Denn der massive Einsatz von chemisch-synthetischen Pestiziden hat dramatische Folgen. Nicht erst seit der Corona-Pandemie ist klar, dass die Gesundheit von \u00d6kosystemen, Menschen und Tieren keine Trennlinien hat. \u00abOne Health\u00bb: Unser Umgang mit der Umwelt f\u00e4llt im Guten wie im Schlechten auf uns zur\u00fcck. <a href=\"https:\/\/www.greenpeace.ch\/de\/story\/63170\/greenpeace-sagt-ja-zum-neuen-co2-gesetz-die-gruende\/\">Ja zum neuen CO2-Gesetz.<\/a><\/p>\n","protected":false},"excerpt":{"rendered":"<p>Die Erd\u00f6l- und Autolobby k\u00e4mpft, unterst\u00fctzt von der SVP, mit allen Mitteln gegen das CO2-Gesetz. Vor allem mit vielen unsinnigen und verdrehten Argumenten \u2013 mit echtem Bullshit. <\/p>\n","protected":false},"author":48,"featured_media":66616,"comment_status":"closed","ping_status":"closed","sticky":false,"template":"","format":"standard","meta":{"_acf_changed":false,"_planet4_optimize_post_is_variant":false,"_planet4_optimize_experiment_name":"","_planet4_optimize_variant_name":"","ep_exclude_from_search":false,"p4_og_title":"","p4_og_description":"","p4_og_image":"","p4_og_image_id":"","p4_seo_canonical_url":"","p4_campaign_name":"not set","p4_local_project":"not set","p4_basket_name":"not set","p4_department":"","footnotes":""},"categories":[1],"tags":[50,203],"p4-page-type":[75],"gpch-article-type":[],"class_list":["post-66617","post","type-post","status-publish","format-standard","has-post-thumbnail","hentry","category-unkategorisiert","tag-klima","tag-co2-gesetz","p4-page-type-story"],"acf":[],"_links":{"self":[{"href":"https:\/\/www.greenpeace.ch\/de\/wp-json\/wp\/v2\/posts\/66617","targetHints":{"allow":["GET"]}}],"collection":[{"href":"https:\/\/www.greenpeace.ch\/de\/wp-json\/wp\/v2\/posts"}],"about":[{"href":"https:\/\/www.greenpeace.ch\/de\/wp-json\/wp\/v2\/types\/post"}],"author":[{"embeddable":true,"href":"https:\/\/www.greenpeace.ch\/de\/wp-json\/wp\/v2\/users\/48"}],"replies":[{"embeddable":true,"href":"https:\/\/www.greenpeace.ch\/de\/wp-json\/wp\/v2\/comments?post=66617"}],"version-history":[{"count":0,"href":"https:\/\/www.greenpeace.ch\/de\/wp-json\/wp\/v2\/posts\/66617\/revisions"}],"wp:featuredmedia":[{"embeddable":true,"href":"https:\/\/www.greenpeace.ch\/de\/wp-json\/wp\/v2\/media\/66616"}],"wp:attachment":[{"href":"https:\/\/www.greenpeace.ch\/de\/wp-json\/wp\/v2\/media?parent=66617"}],"wp:term":[{"taxonomy":"category","embeddable":true,"href":"https:\/\/www.greenpeace.ch\/de\/wp-json\/wp\/v2\/categories?post=66617"},{"taxonomy":"post_tag","embeddable":true,"href":"https:\/\/www.greenpeace.ch\/de\/wp-json\/wp\/v2\/tags?post=66617"},{"taxonomy":"p4-page-type","embeddable":true,"href":"https:\/\/www.greenpeace.ch\/de\/wp-json\/wp\/v2\/p4-page-type?post=66617"},{"taxonomy":"gpch-article-type","embeddable":true,"href":"https:\/\/www.greenpeace.ch\/de\/wp-json\/wp\/v2\/gpch-article-type?post=66617"}],"curies":[{"name":"wp","href":"https:\/\/api.w.org\/{rel}","templated":true}]}}