{"id":67370,"date":"2021-05-17T08:26:00","date_gmt":"2021-05-17T06:26:00","guid":{"rendered":"https:\/\/www.greenpeace.ch\/?p=67370"},"modified":"2021-05-17T12:44:21","modified_gmt":"2021-05-17T10:44:21","slug":"ja-zu-mehr-klimaschutz-und-ja-zu-einem-agrarpolitischen-wandel","status":"publish","type":"post","link":"https:\/\/www.greenpeace.ch\/de\/story\/67370\/ja-zu-mehr-klimaschutz-und-ja-zu-einem-agrarpolitischen-wandel\/","title":{"rendered":"Ja zu mehr Klimaschutz und Ja zu einem agrarpolitischen Wandel"},"content":{"rendered":"\n<p><strong>In diesen Tagen erhalten wir die Abstimmungsunterlagen f\u00fcr den 13. Juni \u2013 ein \u00e4usserst wichtiges Datum f\u00fcr die Umweltbewegung. Wir stimmen \u00fcber das CO2-Gesetz sowie die Trinkwasserinitiative und die Pestizidinitiative ab. Mit einem Ja zu diesen drei Vorlagen stellen wir die Weichen f\u00fcr mehr Klimaschutz und zu einer Landwirtschaft ohne Umweltgifte.<\/strong><\/p>\n\n<p>Der Klimawandel trifft die Schweiz mit voller Wucht. Seit Beginn der Industrialisierung hat sich hierzulande die Durchschnittstemperatur um rund 2 Grad Celsius erh\u00f6ht, weltweit liegt der Temperaturanstieg \u00abnur\u00bb bei 1 Grad. Die Aussichten f\u00fcr unser Land sind darum nicht rosig. Die Schweiz wird trockener, heisser, schnee\u00e4rmer und k\u00e4mpft k\u00fcnftig mit heftigeren Niederschl\u00e4gen.&nbsp;<\/p>\n\n<p>Wir haben es am Abstimmungssonntag vom 13. Juni 2021 in der Hand, die Schweiz beim Klimaschutz ein gutes St\u00fcck vorw\u00e4rtszubringen: mit einem Ja zum neuen CO2-Gesetz. Ein Nein w\u00fcrde als Sieg f\u00fcr die Erd\u00f6l- und Autolobby interpretiert und den Klimaschutz im Parlament blockieren. Das h\u00e4tte zur Folge, dass die Schweiz beim Klimaschutz in einen Stillstand verf\u00e4llt und im Kampf gegen die drastischen Folgen der Erderhitzung um Jahre zur\u00fcckgeworfen wird. Das gilt es in jedem Fall zu verhindern.<\/p>\n\n<h2 class=\"wp-block-heading\">CO2-Gesetz: Ein wichtiger erster Schritt<\/h2>\n\n<p>Ein Ja zum CO2-Gesetz ist ein Ja zu mehr Klimaschutz. Denn mit dem Gesetz verst\u00e4rkt die Schweiz effektiv den Klimaschutz und kann zus\u00e4tzlich ihre Treibhausgasemissionen senken. Das ist dringend n\u00f6tig. Denn die Schweiz hat alles andere als eine Vorreiterrolle inne. Wir haben zum Beispiel so viele \u00d6lheizungen wie kaum ein anderes Land in Europa. Zudem verkehren auf unseren Strassen \u00fcberdurchschnittlich viele Autos, die intensiv Treibstoff verbrauchen, und wir fliegen doppelt so h\u00e4ufig wie unsere Nachbarn. Es ist also wichtig und richtig, dass im neuen Gesetz Massnahmen unter anderem f\u00fcr den Flugverkehr und die Mobilit\u00e4t vorgesehen sind.&nbsp;<\/p>\n\n<p>Das neue CO2-Gesetz ist zudem sozialvertr\u00e4glich und hat eine lenkende Wirkung: Es belohnt klimafreundliches Verhalten. So wird beispielsweise 90 Prozent der Schweizer Bev\u00f6lkerung mindestens gleich viel Geld zur\u00fcckbekommen wie sie f\u00fcr die Flugticketabgabe ausgibt.<\/p>\n\n<p>Wer hingegen mehr CO2 verursacht, zahlt auch mehr.<\/p>\n\n<p>Klingt gut, oder? Willst du noch mehr gute Argumente sammeln, um auch Menschen in deinem Umfeld f\u00fcr ein Ja zum neuen CO2-Gesetz zu bewegen? <a href=\"https:\/\/www.greenpeace.ch\/de\/story\/63170\/greenpeace-sagt-ja-zum-neuen-co2-gesetz-die-gruende\/\">Dann kannst du hier weiterlesen<\/a>.&nbsp;<\/p>\n\n<p>Was wir an dieser Stelle aber auch erw\u00e4hnen wollen: Das neue CO2-Gesetz gen\u00fcgt nicht, um die Klimakrise einzud\u00e4mmen. Bei weitem nicht. Aber mit dem neuen CO2-Gesetz k\u00f6nnen wir die Basis f\u00fcr mehr Klimaschutz legen. Darauf aufbauend muss die Schweiz noch wirkungsvollere Klimaschutzmassnahmen ergreifen, um die Pariser Klimaziele zu erreichen.&nbsp;<\/p>\n\n<p>F\u00fcr ein lebenswertes Klima f\u00fcr die nach uns Lebenden \u2013 sag Ja zu mehr Klimaschutz.&nbsp;<\/p>\n\n<h2 class=\"wp-block-heading\">Pestizidinitiativen: Sch\u00fctze Wasser, Boden und Gesundheit<\/h2>\n\n<p>Am 13. Juni haben wir zudem die einmalige Chance f\u00fcr einen agrarpolitischen Wandel, der den Begriff \u00abGesundheit\u00bb ganzheitlich denkt.&nbsp;<\/p>\n\n<p>Sowohl die Initiative f\u00fcr sauberes Trinkwasser als auch die Initiative f\u00fcr eine Schweiz ohne Pestizide <a href=\"https:\/\/www.greenpeace.ch\/de\/story\/64779\/2xja-trinkwasser-pestizide\/\">verlangen einen gesunden Umgang mit der Natur, insbesondere in der Landwirtschaft<\/a>. Denn der massive Einsatz von chemisch-synthetischen Pestiziden hat <a href=\"https:\/\/www.greenpeace.ch\/de\/story\/66037\/pestizide-gefaehrden-unsere-gesundheit\/\">dramatische Folgen f\u00fcr die Gesundheit <\/a>von \u00d6kosystemen, Menschen und Tieren. Nicht erst seit der Corona-Pandemie muss klar sein: Unser Umgang mit der Umwelt f\u00e4llt im Guten wie im Schlechten auf uns zur\u00fcck. Pestizide sind \u00e4usserst sch\u00e4dlich f\u00fcr die Artenvielfalt und die menschliche Gesundheit. Sie vergiften Tiere und Menschen. Darum: Zur\u00fcck zu einer Landwirtschaft ohne Umweltgifte.&nbsp;<\/p>\n\n<p>Sch\u00fctze Wasser, Boden und Gesundheit und sag Ja zur Trinkwasserinitiative und zur Pestizidinitiative.<\/p>\n","protected":false},"excerpt":{"rendered":"<p>In diesen Tagen erhalten wir die Abstimmungsunterlagen f\u00fcr den 13. Juni \u2013 ein \u00e4usserst wichtiges Datum f\u00fcr die Umweltbewegung. Mit 3xJA stellen wir die Weichen f\u00fcr mehr Klimaschutz und zu einer Landwirtschaft ohne Umweltgifte.<\/p>\n","protected":false},"author":48,"featured_media":67463,"comment_status":"closed","ping_status":"closed","sticky":false,"template":"","format":"standard","meta":{"_acf_changed":false,"_planet4_optimize_post_is_variant":false,"_planet4_optimize_experiment_name":"","_planet4_optimize_variant_name":"","ep_exclude_from_search":false,"p4_og_title":"","p4_og_description":"","p4_og_image":"","p4_og_image_id":"","p4_seo_canonical_url":"","p4_campaign_name":"not set","p4_local_project":"not set","p4_basket_name":"not set","p4_department":"","footnotes":""},"categories":[1],"tags":[50,203,33],"p4-page-type":[75],"gpch-article-type":[],"class_list":["post-67370","post","type-post","status-publish","format-standard","has-post-thumbnail","hentry","category-unkategorisiert","tag-klima","tag-co2-gesetz","tag-ernaehrung","p4-page-type-story"],"acf":[],"_links":{"self":[{"href":"https:\/\/www.greenpeace.ch\/de\/wp-json\/wp\/v2\/posts\/67370","targetHints":{"allow":["GET"]}}],"collection":[{"href":"https:\/\/www.greenpeace.ch\/de\/wp-json\/wp\/v2\/posts"}],"about":[{"href":"https:\/\/www.greenpeace.ch\/de\/wp-json\/wp\/v2\/types\/post"}],"author":[{"embeddable":true,"href":"https:\/\/www.greenpeace.ch\/de\/wp-json\/wp\/v2\/users\/48"}],"replies":[{"embeddable":true,"href":"https:\/\/www.greenpeace.ch\/de\/wp-json\/wp\/v2\/comments?post=67370"}],"version-history":[{"count":0,"href":"https:\/\/www.greenpeace.ch\/de\/wp-json\/wp\/v2\/posts\/67370\/revisions"}],"wp:featuredmedia":[{"embeddable":true,"href":"https:\/\/www.greenpeace.ch\/de\/wp-json\/wp\/v2\/media\/67463"}],"wp:attachment":[{"href":"https:\/\/www.greenpeace.ch\/de\/wp-json\/wp\/v2\/media?parent=67370"}],"wp:term":[{"taxonomy":"category","embeddable":true,"href":"https:\/\/www.greenpeace.ch\/de\/wp-json\/wp\/v2\/categories?post=67370"},{"taxonomy":"post_tag","embeddable":true,"href":"https:\/\/www.greenpeace.ch\/de\/wp-json\/wp\/v2\/tags?post=67370"},{"taxonomy":"p4-page-type","embeddable":true,"href":"https:\/\/www.greenpeace.ch\/de\/wp-json\/wp\/v2\/p4-page-type?post=67370"},{"taxonomy":"gpch-article-type","embeddable":true,"href":"https:\/\/www.greenpeace.ch\/de\/wp-json\/wp\/v2\/gpch-article-type?post=67370"}],"curies":[{"name":"wp","href":"https:\/\/api.w.org\/{rel}","templated":true}]}}