{"id":69008,"date":"2021-06-18T09:11:00","date_gmt":"2021-06-18T07:11:00","guid":{"rendered":"https:\/\/www.greenpeace.ch\/?p=69008"},"modified":"2021-06-18T09:09:46","modified_gmt":"2021-06-18T07:09:46","slug":"baeckereien-restaurants-und-grossverteiler-setzen-die-schweiz-auf-wegwerf-diaet","status":"publish","type":"post","link":"https:\/\/www.greenpeace.ch\/de\/medienmitteilung\/69008\/baeckereien-restaurants-und-grossverteiler-setzen-die-schweiz-auf-wegwerf-diaet\/","title":{"rendered":"B\u00e4ckereien, Restaurants und Grossverteiler setzen zusammen mit Greenpeace die Schweiz auf Wegwerf-Di\u00e4t"},"content":{"rendered":"\n<p><strong>Greenpeace Schweiz lanciert die <\/strong><a href=\"https:\/\/www.refilldiet.ch\/de\/\"><strong>\u00abRefill-Diet\u00bb<\/strong><\/a><strong> \u2013&nbsp; eine Aktionswoche f\u00fcr Mehrwegbeh\u00e4lter&nbsp; und damit gegen die Abfall-Flut. Vom 5. bis 11. Juli vermeiden Take-Away-Anbieter und Konsument*innen so viel Abfall von Einwegverpackungen, wie nur m\u00f6glich und setzen voll auf Mehrwegbeh\u00e4lter. Schon Mitte Juni haben sich \u00fcber 500 Verkaufsstellen in der ganzen Schweiz angemeldet \u2013 darunter auch solche von Migros und Coop.<\/strong><\/p>\n\n<p>Take-Away-Essen ist gerade in der Pandemie praktisch. Aber jeder Mensch h\u00e4uft hierzulande in einer Woche 13,3 Kilogramm Abfall an \u2013 unter anderem wegen der vielen Einwegverpackungen! Darum setzen Greenpeace Schweiz, weitere NGO und \u00fcber hundert Partnerbetriebe die Schweiz auf Di\u00e4t: Von 5. bis 11. Juli 2021 verzichten wir auf Wegwerfprodukte und machen <a href=\"https:\/\/www.refilldiet.ch\/de\/\">Refill-Diet<\/a>. Dank wiederverwendbaren Flaschen, Bechern, Boxen oder Besteck nimmt die Welt tonnenweise Abfall ab.<\/p>\n\n<p>Teilnehmer*innen der <a href=\"https:\/\/www.refilldiet.ch\/de\/\">Refill-Diet<\/a> nutzen konsequent das Mehrweggeschirr der Take-Away-Anbieter oder lassen das Essen in eine Zn\u00fcni-Box ihrer Wahl einf\u00fcllen. Auch ein Mehrweg-Kaffeebecher dient dem Ziel, denn jedes bisschen Abfall, das wir einsparen k\u00f6nnen, z\u00e4hlt. Einwegprodukte \u2013 ob aus Plastik oder anderen Materialien \u2013 bedeuten schliesslich nicht nur einen immensen Energie- und Ressourcenaufwand f\u00fcr eine l\u00e4cherlich kurze Nutzungsdauer. Die Produkte m\u00fcssen nach dem einmaligen Gebrauch auch wieder entsorgt werden. Mindestens die Natur leidet darunter immer.<\/p>\n\n<p>Nicht nur die Konsument*innen sind gefordert, wenn es um das Problem mit den Einwegverpackungen geht. Genauso wichtig ist die Unterst\u00fctzung von Restaurants, L\u00e4den und NGOs, um uns allen \u00fcberhaupt erst die M\u00f6glichkeit zu geben, unser Verhalten zu \u00e4ndern. Die Bereitschaft zum konkreten Handeln steigt: Es ist ermutigend, wie gross die Refill-Bewegung ist. Schon 130 Partner-Firmen mit 500 Verkaufsstellen machen mit. Dazu geh\u00f6ren neben den Coop-Restaurants und Migros viele innovative Betriebe, wie die B\u00e4ckerei W\u00fcst in Wangen SZ, der Bio-Laden Lola in Bern oder die Restaurantkette Tibits.<\/p>\n\n<p>Weitere Partner sind willkommen: Zur einfachen Anmeldung geht <a href=\"https:\/\/www.greenpeace.ch\/de\/unterstuetze-die-refill-diet\/\">hier<\/a>&nbsp;<\/p>\n\n<p>Mehr Informationen zum Refill-Diet gibts auf der <a href=\"https:\/\/www.refilldiet.ch\/de\/\">Refill-Website<\/a>.<\/p>\n\n<p>Quelle zu Siedlungsabfall pro Einwohner finden sie <a href=\"https:\/\/www.bfs.admin.ch\/bfs\/de\/home\/statistiken\/querschnittsthemen\/wohlfahrtsmessung\/alle-indikatoren\/umwelt\/siedlungsabfaelle.assetdetail.11367046.html\">hier<\/a>.<\/p>\n\n<p><\/p>\n\n<p>Kontakt:<\/p>\n\n<p>Jo\u00ebl Widmer, Mediensprecher Zerowaste bei Greenpeace Schweiz<br><a href=\"mailto:joel.widmer@greenpeace.org\">joel.widmer@greenpeace.org<\/a>, 079 750 37 25<\/p>\n","protected":false},"excerpt":{"rendered":"<p>Greenpeace Schweiz lanciert die \u00abRefill-Diet\u00bb \u2013\u00a0 eine Aktionswoche f\u00fcr Mehrwegbeh\u00e4lter\u00a0 und damit gegen die Abfall-Flut. Vom 5. bis 11. Juli vermeiden Take-Away-Anbieter und Konsument*innen so viel Abfall von Einwegverpackungen, wie&hellip;<\/p>\n","protected":false},"author":96,"featured_media":69028,"comment_status":"closed","ping_status":"closed","sticky":false,"template":"","format":"standard","meta":{"_acf_changed":false,"_planet4_optimize_post_is_variant":false,"_planet4_optimize_experiment_name":"","_planet4_optimize_variant_name":"","ep_exclude_from_search":false,"p4_og_title":"","p4_og_description":"","p4_og_image":"","p4_og_image_id":"","p4_seo_canonical_url":"","p4_campaign_name":"not set","p4_local_project":"not set","p4_basket_name":"not set","p4_department":"","footnotes":""},"categories":[48,1],"tags":[37],"p4-page-type":[71],"gpch-article-type":[],"class_list":["post-69008","post","type-post","status-publish","format-standard","has-post-thumbnail","hentry","category-zero-waste","category-unkategorisiert","tag-zero-waste","p4-page-type-medienmitteilung"],"acf":[],"_links":{"self":[{"href":"https:\/\/www.greenpeace.ch\/de\/wp-json\/wp\/v2\/posts\/69008","targetHints":{"allow":["GET"]}}],"collection":[{"href":"https:\/\/www.greenpeace.ch\/de\/wp-json\/wp\/v2\/posts"}],"about":[{"href":"https:\/\/www.greenpeace.ch\/de\/wp-json\/wp\/v2\/types\/post"}],"author":[{"embeddable":true,"href":"https:\/\/www.greenpeace.ch\/de\/wp-json\/wp\/v2\/users\/96"}],"replies":[{"embeddable":true,"href":"https:\/\/www.greenpeace.ch\/de\/wp-json\/wp\/v2\/comments?post=69008"}],"version-history":[{"count":0,"href":"https:\/\/www.greenpeace.ch\/de\/wp-json\/wp\/v2\/posts\/69008\/revisions"}],"wp:featuredmedia":[{"embeddable":true,"href":"https:\/\/www.greenpeace.ch\/de\/wp-json\/wp\/v2\/media\/69028"}],"wp:attachment":[{"href":"https:\/\/www.greenpeace.ch\/de\/wp-json\/wp\/v2\/media?parent=69008"}],"wp:term":[{"taxonomy":"category","embeddable":true,"href":"https:\/\/www.greenpeace.ch\/de\/wp-json\/wp\/v2\/categories?post=69008"},{"taxonomy":"post_tag","embeddable":true,"href":"https:\/\/www.greenpeace.ch\/de\/wp-json\/wp\/v2\/tags?post=69008"},{"taxonomy":"p4-page-type","embeddable":true,"href":"https:\/\/www.greenpeace.ch\/de\/wp-json\/wp\/v2\/p4-page-type?post=69008"},{"taxonomy":"gpch-article-type","embeddable":true,"href":"https:\/\/www.greenpeace.ch\/de\/wp-json\/wp\/v2\/gpch-article-type?post=69008"}],"curies":[{"name":"wp","href":"https:\/\/api.w.org\/{rel}","templated":true}]}}