{"id":70624,"date":"2021-07-21T07:43:06","date_gmt":"2021-07-21T05:43:06","guid":{"rendered":"https:\/\/www.greenpeace.ch\/?p=70624"},"modified":"2021-07-21T07:51:11","modified_gmt":"2021-07-21T05:51:11","slug":"neuer-ipcc-klimabericht-erhoeht-den-druck-fuer-entschlossenes-handeln","status":"publish","type":"post","link":"https:\/\/www.greenpeace.ch\/de\/medienmitteilung\/70624\/neuer-ipcc-klimabericht-erhoeht-den-druck-fuer-entschlossenes-handeln\/","title":{"rendered":"Neuer IPCC-Klimabericht erh\u00f6ht den Druck f\u00fcr entschlossenes Handeln"},"content":{"rendered":"\n<p><strong>Am 9. August erscheint der erste Teil des sechsten Sachstandsberichts des Weltklimarats zu den naturwissenschaftlichen Grundlagen des Klimawandels. Der Bericht wird unter anderem aufzeigen, wie und warum sich das Klima bisher ver\u00e4ndert hat und wie es sich in Zukunft unter Annahme verschiedener Szenarien entwickeln k\u00f6nnte.&nbsp;<\/strong><\/p>\n\n<p>Das Jahr 2021 entwickelt sich zu einem weiteren Jahr, das von t\u00f6dlichen Hitzewellen, verheerenden Waldbr\u00e4nden sowie Rekordd\u00fcrren und -\u00fcberschwemmungen gepr\u00e4gt ist. Vor diesem Hintergrund werden die Regierungen der Welt in wenigen Tagen zusammenkommen, um eine neue deutliche Klimakrisenwarnung des Weltklimarats (Intergovernmental Panel on Climate Change IPCC) entgegenzunehmen.<\/p>\n\n<p>Am 9. August wird der Beitrag der Arbeitsgruppe I zum sechsten IPCC-Sachstandsbericht (Sixth Assessment Report AR6, Working Group I) ver\u00f6ffentlicht. Das Thema: die naturwissenschaftlichen Grundlagen des Klimawandels. Pr\u00e4sentiert werden die neuesten wissenschaftlichen Erkenntnisse dar\u00fcber, was mit unserem Klimasystem geschieht und wohin wir uns bewegen \u2013 abh\u00e4ngig davon, in welchem Umfang und mit welcher Geschwindigkeit wir Klimaschutzmassnahmen treffen. In der Woche vor der Ver\u00f6ffentlichung, vom 26. Juli bis 6. August, wird der IPCC das Papier in einer virtuellen Sitzung behandeln.&nbsp;<\/p>\n\n<p><strong>Georg Klingler, Klimaexperte bei Greenpeace Schweiz sagt:&nbsp;<\/strong><\/p>\n\n<p>\u00abUnertr\u00e4gliche Hitze, verdorrte Ernten, alles versengende Br\u00e4nde dort, nass-kalte Witterung mit verheerenden St\u00fcrmen und sintflutartigen Regenf\u00e4llen, die ganze D\u00f6rfer zerst\u00f6ren, hier. Solche Extreme werden aufgrund der menschengemachten Klimaerhitzung h\u00e4ufiger. Die weltweit sich h\u00e4ufenden Katastrophen m\u00fcssen ein Weckruf f\u00fcr uns alle sein, wir m\u00fcssen dem Erhalt eines stabilen Klimas sofort die gr\u00f6sstm\u00f6gliche Priorit\u00e4t einzur\u00e4umen. Wir befinden uns in einer planetarischen Notlage und m\u00fcssen dringend die Voraussetzungen daf\u00fcr schaffen, dass klimasch\u00e4dliches Verhalten aufh\u00f6rt.\u00bb<\/p>\n\n<p>\u00abNach dem Nein zum CO2-Gesetz darf die Klimapolitik in der Schweiz nicht ruhen. Wir m\u00fcssen mehrheitsf\u00e4hige Wege f\u00fcr den notwendigen Klimaschutz suchen. Noch ist es m\u00f6glich, viel Leid zu verhindern. Das sollte f\u00fcr Bundesrat und Parlament Motivation genug sein, schnellstm\u00f6glich wirksame und sozial vertr\u00e4gliche Klimaschutzmassnahmen zu erarbeiten, die von der Bev\u00f6lkerung mitgetragen werden. An der UN-Klimakonferenz in Glasgow Anfang November werden wir sehen, ob es gelingt, dem Klimaschutz nun die notwendige Priorit\u00e4t einzur\u00e4umen.\u00bb&nbsp;<\/p>\n\n<p>Im ersten Teil des sechsten Sachstandsberichts des Weltklimarats wird aufgezeigt:&nbsp;<\/p>\n\n<ul class=\"wp-block-list\"><li>Wie und warum sich das Klima bisher ver\u00e4ndert hat und wie es sich in Zukunft unter Annahme verschiedener Szenarien ver\u00e4ndern k\u00f6nnte, mit aktualisierten Sch\u00e4tzungen z.B. f\u00fcr den Meeresspiegelanstieg bis 2100 und dar\u00fcber hinaus (2300).<\/li><li>Ein Update dar\u00fcber, wie empfindlich das Klima auf steigende Mengen von Treibhausgasen reagiert, und daraus abgeleitet, wie viele Mengen noch von der Atmosph\u00e4re aufgenommen werden k\u00f6nnen, ohne eine maximale Erderhitzung von 1.5\u00b0C zu \u00fcberschreiten (Klimabudget).<\/li><li>Ein verbessertes Verst\u00e4ndnis von Ver\u00e4nderungen bei Extremereignissen und das Zuschreiben von solchen Ereignissen dem menschlichen Einfluss.<\/li><li>Eine st\u00e4rkere Betonung des regionalen Klimawandels und Informationen, die f\u00fcr die regionale Risikobewertung relevant sind, verst\u00e4rkt durch einen interaktiven regionalen Online-Atlas.&nbsp;<\/li><\/ul>\n\n<p>Der Bericht wird sich weder mit den Auswirkungen und Risiken des Klimawandels f\u00fcr den Menschen noch mit M\u00f6glichkeiten zur Abschw\u00e4chung des Klimawandels und seiner Auswirkungen befassen. Diese Themen werden in den verbleibenden drei Teilen des sechsten IPCC Sachstandsberichts behandelt, die n\u00e4chstes Jahr fertiggestellt und ver\u00f6ffentlicht werden sollen.<\/p>\n\n<p>Greenpeace ist offizielle Beobachterin des IPCC, Expert*innen stehen f\u00fcr Kommentare zur Verf\u00fcgung. Am Montag, 9. August 2021 wird Greenpeace eine Medienmitteilung zu den Inhalten versenden.&nbsp;<\/p>\n\n<h2 class=\"wp-block-heading\">Weitere Informationen:<\/h2>\n\n<ul class=\"wp-block-list\"><li><a rel=\"noreferrer noopener\" href=\"https:\/\/www.greenpeace.ch\/static\/planet4-switzerland-stateless\/2021\/07\/f8d6caef-greenpeace-qa-on-the-ipcc-ar6-wg1-report_pre-launch.pdf\" target=\"_blank\">Faktenblatt von Greenpeace<\/a> zum sechsten Sachstandsbericht<\/li><li>Offizielles <a rel=\"noreferrer noopener\" href=\"https:\/\/www.ipcc.ch\/site\/assets\/uploads\/2021\/06\/Fact_sheet_AR6.pdf\" target=\"_blank\">IPCC-Faktenblatt<\/a> zum sechsten Sachstandsbericht <\/li><li>Pressekonferenz: Am Montag, 9. August 2021 findet um 10:00 Uhr (Genf) eine Pressekonferenz des Weltklimarats statt. Vorgestellt wird die Zusammenfassung f\u00fcr politische Entscheidungstr\u00e4ger des Beitrags der Arbeitsgruppe I des sechsten Sachstandsberichts. Eine <a rel=\"noreferrer noopener\" href=\"https:\/\/www.ipcc.ch\/2021\/07\/08\/media-registration-ar6-wg1\/\" target=\"_blank\">Akkreditierung f\u00fcr Medien<\/a> ist erforderlich. <\/li><\/ul>\n\n<h2 class=\"wp-block-heading\">Kontakte:&nbsp;<\/h2>\n\n<ul class=\"wp-block-list\"><li>Marie Bout, Medienberaterin, Greenpeace International, <a href=\"mailto:mbout@greenpeace.org\">mbout@greenpeace.org<\/a>, +33 6 05 98 70 42\u00a0<\/li><li>Georg Klingler, Klimaexperte, Greenpeace Schweiz, +41 79 785 07 38, <a href=\"mailto:georg.klingler@greenpeace.org\">georg.klingler@greenpeace.org<\/a><\/li><li>Medienstelle Greenpeace Schweiz, +41 44 447 41 11, <a href=\"mailto:pressestelle.ch@greenpeace.org\">pressestelle.ch@greenpeace.org<\/a>\u00a0<\/li><\/ul>\n\n<p><\/p>\n","protected":false},"excerpt":{"rendered":"<p>Am 9. August erscheint der erste Teil des sechsten Sachstandsberichts des Weltklimarats zu den naturwissenschaftlichen Grundlagen des Klimawandels. <\/p>\n","protected":false},"author":39,"featured_media":70632,"comment_status":"closed","ping_status":"closed","sticky":false,"template":"","format":"standard","meta":{"_acf_changed":false,"_planet4_optimize_post_is_variant":false,"_planet4_optimize_experiment_name":"","_planet4_optimize_variant_name":"","ep_exclude_from_search":false,"p4_og_title":"","p4_og_description":"","p4_og_image":"","p4_og_image_id":"","p4_seo_canonical_url":"","p4_campaign_name":"not set","p4_local_project":"not set","p4_basket_name":"not set","p4_department":"","footnotes":""},"categories":[47,2],"tags":[34,50],"p4-page-type":[71],"gpch-article-type":[],"class_list":["post-70624","post","type-post","status-publish","format-standard","has-post-thumbnail","hentry","category-greenpeace","category-klima","tag-klimagerechtigkeit","tag-klima","p4-page-type-medienmitteilung"],"acf":[],"_links":{"self":[{"href":"https:\/\/www.greenpeace.ch\/de\/wp-json\/wp\/v2\/posts\/70624","targetHints":{"allow":["GET"]}}],"collection":[{"href":"https:\/\/www.greenpeace.ch\/de\/wp-json\/wp\/v2\/posts"}],"about":[{"href":"https:\/\/www.greenpeace.ch\/de\/wp-json\/wp\/v2\/types\/post"}],"author":[{"embeddable":true,"href":"https:\/\/www.greenpeace.ch\/de\/wp-json\/wp\/v2\/users\/39"}],"replies":[{"embeddable":true,"href":"https:\/\/www.greenpeace.ch\/de\/wp-json\/wp\/v2\/comments?post=70624"}],"version-history":[{"count":0,"href":"https:\/\/www.greenpeace.ch\/de\/wp-json\/wp\/v2\/posts\/70624\/revisions"}],"wp:featuredmedia":[{"embeddable":true,"href":"https:\/\/www.greenpeace.ch\/de\/wp-json\/wp\/v2\/media\/70632"}],"wp:attachment":[{"href":"https:\/\/www.greenpeace.ch\/de\/wp-json\/wp\/v2\/media?parent=70624"}],"wp:term":[{"taxonomy":"category","embeddable":true,"href":"https:\/\/www.greenpeace.ch\/de\/wp-json\/wp\/v2\/categories?post=70624"},{"taxonomy":"post_tag","embeddable":true,"href":"https:\/\/www.greenpeace.ch\/de\/wp-json\/wp\/v2\/tags?post=70624"},{"taxonomy":"p4-page-type","embeddable":true,"href":"https:\/\/www.greenpeace.ch\/de\/wp-json\/wp\/v2\/p4-page-type?post=70624"},{"taxonomy":"gpch-article-type","embeddable":true,"href":"https:\/\/www.greenpeace.ch\/de\/wp-json\/wp\/v2\/gpch-article-type?post=70624"}],"curies":[{"name":"wp","href":"https:\/\/api.w.org\/{rel}","templated":true}]}}