{"id":7294,"date":"2000-06-21T00:00:00","date_gmt":"2000-06-20T22:00:00","guid":{"rendered":"https:\/\/master.greenpeace.ch\/beitrag\/7294\/skandaloese-missachtung-des-volkswillens\/"},"modified":"2019-05-30T08:01:49","modified_gmt":"2019-05-30T06:01:49","slug":"skandaloese-missachtung-des-volkswillens","status":"publish","type":"post","link":"https:\/\/www.greenpeace.ch\/de\/medienmitteilung\/7294\/skandaloese-missachtung-des-volkswillens\/","title":{"rendered":"Skandal\u00f6se Missachtung des Volkswillens"},"content":{"rendered":"<p><b>Der Nationalrat hat heute der parlamentarischen Initiative Giezendanner, die eine unverz\u00fcgliche Planung einer zweiten Tunnelr\u00f6hre am Gotthardstrassentunnel fordert, zugestimmt. Aus Protest gegen diese skandal\u00f6se Missachtung des in der Bundesverfassung verankerten und vom Volk mehrmals best\u00e4tigten Alpenschutzartikels, &#171;dankt&#187; Greenpeace Schweiz dem Nationalrat mit einem \u00fcber dem Gotthardtunnel gespannten Transparent f\u00fcr die zus\u00e4tzlichen Belastungen f\u00fcr Mensch und Umwelt entlang der Transitachse A2<\/b><\/p>\n<div>\n<p class=\"bodytext\">G\u00f6schenen. Rund ein Dutzend AktivistInnen von<br \/>\nGreenpeace spannten unmittelbar nach Bekanntgabe vom<br \/>\nAbstimmungsergebnis des Nationalrates ein Transparent mit der<br \/>\nAufschrift &#171;Dem Nationalrat sei dank f\u00fcr mehr L\u00e4rm und Gestank&#187;.<br \/>\nGreenpeace Schweiz protestiert damit gegen die immer unzumutbarer<br \/>\nwerdenden Belastungen f\u00fcr die Menschen entlang der internationalen<br \/>\nTransitachse A2. Das Stauproblem wird nicht mit dem Bau einer<br \/>\nzweiten Strassentunnelr\u00f6hre am Gotthard gel\u00f6st, sondern nur mit<br \/>\nder, wie vom Volk geforderten, konsequenten Umlagerung des<br \/>\nSchwerverkehrs auf die Schiene. Der Bau einer zweiten R\u00f6hre am<br \/>\nGotthard w\u00fcrde bereits ein Jahr nach Er\u00f6ffnung zehn Prozent<br \/>\nMehrverkehr &#8211; insbesondere mehr Lastwagenverkehr &#8211; verursachen und<br \/>\ndamit die Sicherheit der Strassenben\u00fctzer und der Bev\u00f6lkerung<br \/>\ngef\u00e4hrden. Dem Initianten Nationalrat Giezendanner ist die<br \/>\nSicherheit der \u00fcbrigen Strassenbenutzer egal, ihm geht es nur um<br \/>\neine Kapazit\u00e4tssteigerung f\u00fcr das von ihm vertretene<br \/>\nStrassentransportgewerbe. Greenpeace Schweiz kann &#8211; wie die<br \/>\nBev\u00f6lkerung entlang der Transitachsen &#8211; nicht mehr l\u00e4nger unt\u00e4tig<br \/>\nzusehen, wie die gesamte Umwelt wirtschaftlichen Interessen<br \/>\ngeopfert wird und wird sich dagegen wehren.<\/p>\n<p><strong>Kontakt:<\/strong><\/p>\n<p>Daniel Regli, Koordinator Klima- \/ Verkehrskampagne, Greenpeace<br \/>\nSchweiz<\/p>\n<p>01 \/ 447 41 28 oder 078\/ 708 63 80<\/p>\n<p>Medienabteilung Greenpeace 01 \/447 41 11<\/p>\n<p>Kontaktperson vor Ort: Simon Ledergerber 079 \/ 386 08 36<\/p>\n<\/div>\n","protected":false},"excerpt":{"rendered":"<p>Der Nationalrat hat heute der parlamentarischen Initiative Giezendanner, die eine unverz\u00fcgliche Planung einer zweiten Tunnelr\u00f6hre am Gotthardstrassentunnel fordert, zugestimmt. Aus Protest gegen diese skandal\u00f6se Missachtung des in der Bundesverfassung verankerten&hellip;<\/p>\n","protected":false},"author":23,"featured_media":0,"comment_status":"closed","ping_status":"open","sticky":false,"template":"","format":"standard","meta":{"_acf_changed":false,"_planet4_optimize_post_is_variant":false,"_planet4_optimize_experiment_name":"","_planet4_optimize_variant_name":"","ep_exclude_from_search":false,"p4_og_title":"","p4_og_description":"","p4_og_image":"","p4_og_image_id":"","p4_seo_canonical_url":"","p4_campaign_name":"","p4_local_project":"","p4_basket_name":"","p4_department":"","footnotes":""},"categories":[1],"tags":[50],"p4-page-type":[71],"gpch-article-type":[],"class_list":["post-7294","post","type-post","status-publish","format-standard","hentry","category-unkategorisiert","tag-klima","p4-page-type-medienmitteilung"],"acf":[],"_links":{"self":[{"href":"https:\/\/www.greenpeace.ch\/de\/wp-json\/wp\/v2\/posts\/7294","targetHints":{"allow":["GET"]}}],"collection":[{"href":"https:\/\/www.greenpeace.ch\/de\/wp-json\/wp\/v2\/posts"}],"about":[{"href":"https:\/\/www.greenpeace.ch\/de\/wp-json\/wp\/v2\/types\/post"}],"author":[{"embeddable":true,"href":"https:\/\/www.greenpeace.ch\/de\/wp-json\/wp\/v2\/users\/23"}],"replies":[{"embeddable":true,"href":"https:\/\/www.greenpeace.ch\/de\/wp-json\/wp\/v2\/comments?post=7294"}],"version-history":[{"count":0,"href":"https:\/\/www.greenpeace.ch\/de\/wp-json\/wp\/v2\/posts\/7294\/revisions"}],"wp:attachment":[{"href":"https:\/\/www.greenpeace.ch\/de\/wp-json\/wp\/v2\/media?parent=7294"}],"wp:term":[{"taxonomy":"category","embeddable":true,"href":"https:\/\/www.greenpeace.ch\/de\/wp-json\/wp\/v2\/categories?post=7294"},{"taxonomy":"post_tag","embeddable":true,"href":"https:\/\/www.greenpeace.ch\/de\/wp-json\/wp\/v2\/tags?post=7294"},{"taxonomy":"p4-page-type","embeddable":true,"href":"https:\/\/www.greenpeace.ch\/de\/wp-json\/wp\/v2\/p4-page-type?post=7294"},{"taxonomy":"gpch-article-type","embeddable":true,"href":"https:\/\/www.greenpeace.ch\/de\/wp-json\/wp\/v2\/gpch-article-type?post=7294"}],"curies":[{"name":"wp","href":"https:\/\/api.w.org\/{rel}","templated":true}]}}