{"id":7328,"date":"2000-03-24T00:00:00","date_gmt":"2000-03-23T22:00:00","guid":{"rendered":"https:\/\/master.greenpeace.ch\/beitrag\/7328\/jahrestag-der-montblanc-katastrophe-gueter-wenn-ueberhaupt-auf-die-bahn\/"},"modified":"2019-05-30T08:02:44","modified_gmt":"2019-05-30T06:02:44","slug":"jahrestag-der-montblanc-katastrophe-gueter-wenn-ueberhaupt-auf-die-bahn","status":"publish","type":"post","link":"https:\/\/www.greenpeace.ch\/de\/medienmitteilung\/7328\/jahrestag-der-montblanc-katastrophe-gueter-wenn-ueberhaupt-auf-die-bahn\/","title":{"rendered":"Jahrestag der Montblanc-Katastrophe: G\u00fcter &#8211; wenn \u00fcberhaupt &#8211; auf die Bahn"},"content":{"rendered":"<p><b>Heute um 11.00 Uhr gedenken rund ein Dutzend Greenpeace AktivistInnen mit einer Schweigeminute der 39 Toten, die ein LKW-Brand im Mont-Blanc-Tunnel vor einem Jahr forderte. Damit es nicht nochmals zu einer vergleichbaren Katastrophe kommen kann, braucht es die konsequente Verlagerung der G\u00fctertransporte auf die Bahn, wie sie Greenpeace schon lange fordert. Um diese Forderung zu untermauern wird nahe vor dem Gotthard-Strassentunnel ein Transparent \u00fcber die Autobahn A2 mit der Aufschrift \u00ab1. Jahrestag Mont-Blanc-Ungl\u00fcck: 39 Tote zuviel &#8211; Lastwagen auf die Bahn!\u00bb, gespannt. Die Erweiterung von Strassenkapazit\u00e4ten, die zur Hebung der Sicherheit propagiert werden, sind barer Unsinn.<\/b><\/p>\n<div>\n<p class=\"bodytext\">G\u00f6schenen. Vor gut einem Jahr, am 24. M\u00e4rz<br \/>\n1999, verursachte ein mit Margarine beladener Lastwagen im Mont<br \/>\nBlanc-Tunnel ein gewaltiges Flammeninferno bei dem 39 Menschen ums<br \/>\nLeben kamen. Damit solche Katastrophen wie im Mont-Blanc- und kurz<br \/>\ndarauf im Tauerntunnel verhindert werden k\u00f6nnen, braucht es keine<br \/>\nzus\u00e4tzlichen Tunnelr\u00f6hren, sondern die konsequente Verlagerung der<br \/>\nLastwagen auf die Bahn. Der Bau einer zweiten Tunnelr\u00f6hre am<br \/>\nGotthard w\u00fcrde die ganze Problematik noch zus\u00e4tzlich versch\u00e4rfen,<br \/>\nweil dadurch noch mehr Verkehr und damit noch mehr Lastwagen durch<br \/>\ndie Alpent\u00e4ler rollen. Zus\u00e4tzliche Lastwagen beeintr\u00e4chtigen auch<br \/>\ndie Strassensicherheit in verst\u00e4rktem Mass.Vergleiche zwischen<br \/>\nAlpentunnels zeigen, dass in Tunnels mit einem grossen<br \/>\nSchwerverkehrsaufkommen die Unfallh\u00e4ufigkeit zunimmt. Um eine<br \/>\nReduktion des Schwerverkehranteiles auf den europ\u00e4ischen<br \/>\nTransitstrassen zu erreichen, muss der motorisierte Strassenverkehr<br \/>\nendlich die Kosten tragen, die er auch verursacht. Weiter fordert<br \/>\nGreenpeace versch\u00e4rfte Kontrollt\u00e4tigkeit punkto Gewichtslimiten,<br \/>\nRuhezeit, Nachtfahrverbot und gef\u00e4hrlicher G\u00fcter. Denn der einzige<br \/>\nvern\u00fcnftig realisierbare Sicherheitsgewinn kann nur mit der<br \/>\nVermeidung von Unsinntransporten und der konsequenten Verlagerung<br \/>\ndes Transit-Schwerverkehrs auf die Bahn erreicht werden.<br \/>\n<strong>Internationale Aktion<\/strong> Ebenfalls am Samstag 25.<br \/>\nM\u00e4rz 2000, 11.00 Uhr manifestiert die Bev\u00f6lkerung von Chamonix \/<br \/>\nFrankreich zum Gedenken an die Todesopfer und gegen die R\u00fcckkehr<br \/>\nder Lastwagen und am Mont Fr\u00e8juse findet zur gleichen Zeit eine 39<br \/>\nMinuten dauernde Protestaktion gegen die zunehmende Lastwagenlawine<br \/>\nstatt.<\/p>\n<p><strong>Kontakt:<\/strong><\/p>\n<p>Daniel Regli, Klima- \/ Verkehrskampagne, Greenpeace Schweiz,<\/p>\n<p>078 &#8211; 708 63 80<\/p>\n<\/div>\n","protected":false},"excerpt":{"rendered":"<p>Heute um 11.00 Uhr gedenken rund ein Dutzend Greenpeace AktivistInnen mit einer Schweigeminute der 39 Toten, die ein LKW-Brand im Mont-Blanc-Tunnel vor einem Jahr forderte. Damit es nicht nochmals zu&hellip;<\/p>\n","protected":false},"author":23,"featured_media":0,"comment_status":"closed","ping_status":"open","sticky":false,"template":"","format":"standard","meta":{"_acf_changed":false,"_planet4_optimize_post_is_variant":false,"_planet4_optimize_experiment_name":"","_planet4_optimize_variant_name":"","ep_exclude_from_search":false,"p4_og_title":"","p4_og_description":"","p4_og_image":"","p4_og_image_id":"","p4_seo_canonical_url":"","p4_campaign_name":"","p4_local_project":"","p4_basket_name":"","p4_department":"","footnotes":""},"categories":[1],"tags":[50],"p4-page-type":[71],"gpch-article-type":[],"class_list":["post-7328","post","type-post","status-publish","format-standard","hentry","category-unkategorisiert","tag-klima","p4-page-type-medienmitteilung"],"acf":[],"_links":{"self":[{"href":"https:\/\/www.greenpeace.ch\/de\/wp-json\/wp\/v2\/posts\/7328","targetHints":{"allow":["GET"]}}],"collection":[{"href":"https:\/\/www.greenpeace.ch\/de\/wp-json\/wp\/v2\/posts"}],"about":[{"href":"https:\/\/www.greenpeace.ch\/de\/wp-json\/wp\/v2\/types\/post"}],"author":[{"embeddable":true,"href":"https:\/\/www.greenpeace.ch\/de\/wp-json\/wp\/v2\/users\/23"}],"replies":[{"embeddable":true,"href":"https:\/\/www.greenpeace.ch\/de\/wp-json\/wp\/v2\/comments?post=7328"}],"version-history":[{"count":0,"href":"https:\/\/www.greenpeace.ch\/de\/wp-json\/wp\/v2\/posts\/7328\/revisions"}],"wp:attachment":[{"href":"https:\/\/www.greenpeace.ch\/de\/wp-json\/wp\/v2\/media?parent=7328"}],"wp:term":[{"taxonomy":"category","embeddable":true,"href":"https:\/\/www.greenpeace.ch\/de\/wp-json\/wp\/v2\/categories?post=7328"},{"taxonomy":"post_tag","embeddable":true,"href":"https:\/\/www.greenpeace.ch\/de\/wp-json\/wp\/v2\/tags?post=7328"},{"taxonomy":"p4-page-type","embeddable":true,"href":"https:\/\/www.greenpeace.ch\/de\/wp-json\/wp\/v2\/p4-page-type?post=7328"},{"taxonomy":"gpch-article-type","embeddable":true,"href":"https:\/\/www.greenpeace.ch\/de\/wp-json\/wp\/v2\/gpch-article-type?post=7328"}],"curies":[{"name":"wp","href":"https:\/\/api.w.org\/{rel}","templated":true}]}}