{"id":7376,"date":"1999-10-24T00:00:00","date_gmt":"1999-10-23T22:00:00","guid":{"rendered":"https:\/\/master.greenpeace.ch\/beitrag\/7376\/kanzler-schroeder-auf-der-un-klimakonferenz-schoene-worte-aber-wo-bleibt-der-klimaschutz\/"},"modified":"2019-05-30T08:04:06","modified_gmt":"2019-05-30T06:04:06","slug":"kanzler-schroeder-auf-der-un-klimakonferenz-schoene-worte-aber-wo-bleibt-der-klimaschutz","status":"publish","type":"post","link":"https:\/\/www.greenpeace.ch\/de\/medienmitteilung\/7376\/kanzler-schroeder-auf-der-un-klimakonferenz-schoene-worte-aber-wo-bleibt-der-klimaschutz\/","title":{"rendered":"Kanzler Schr\u00f6der auf der UN-Klimakonferenz: Sch\u00f6ne Worte ? aber wo bleibt der Klimaschutz?"},"content":{"rendered":"<p><b>Greenpeace bewertet den \u00fcberraschenden Aufruf von Bundeskanzler Schr\u00f6der, das Kyoto-Protokoll zur Verhinderung des Klimawandels bis zum Jahr 2002 zu ratifizieren, als Fortschritt f\u00fcr die internationale Klimapolitik. Die Umweltorganisation vermisst allerdings eine Ank\u00fcndigung, wann Deutschland das Protokoll annehmen will, sowie konsequente Massnahmen der Bundesregierung, den Ausstoss des Treibhausgases Kohlendioxid (CO2) in Deutschland tats\u00e4chlich zu verringern.<\/b><\/p>\n<div>\n<p class=\"bodytext\"><span class=\"date\">Bonn. <\/span><span class=\"text\"> Es ist gut, dass der Kanzler den Verhandlungen auf die Spr\u00fcnge helfen will, sagt Greenpeace Klima-Experte Karsten Smid in Bonn, &#171;aber die Regierung muss jetzt auch Farbe bekennen und sagen, wie sie das selbstgesteckte Ziel erreichen will&#187;. Die Bundesrepublik muss der internationalen Vereinbarung zufolge ihre CO2-Emissionen bis sp\u00e4testens 2012 um 21 Prozent verringern. &#171;Schon das Wachstum des Verkehrs in Deutschland verhindert es, das Klimaschutz-Ziel zu erreichen&#187;, stellt Smid fest. &#171;Alle Vors\u00e4tze der Bundesregierung werden im Auto- und Flugverkehr verpuffen, wenn die Bundesregierung keine konsequenten Massnahmen ergreift&#187;. Letzten Donnerstag stellte Greenpeace eine Studie des Wuppertal-Instituts vor, die diesen Trend beim PKW-, LKW- und Flugverkehr analysiert und L\u00f6sungen aufzeigt. Diese sehen vor, die angestrebte CO2-Einsparung auf die Sektoren Verkehr, Industrie und Haushalte klar aufzuteilen. &#171;Die Bundesregierung muss festlegen, in welchem Sektor wieviel CO2 einzusparen ist&#187;, kritisiert Karsten Smid.Greenpeace fordert von den Ministern der Industriel\u00e4nder, die an der Konferenz teilnehmen, eine klare Aussage, wann sie das Kyoto-Protokoll ratifizieren und bis wann sie es umsetzen wollen. Dieser Zeitpunkt sollte sp\u00e4testens der &#171;Rio plus zehn&#187;-Gipfel im Jahr 2002 sein, zehn Jahre, nachdem die Klima-Konvention auf dem Erdgipfel in Rio 1992 auf den Weg gebracht wurde. Jeder sp\u00e4tere Zeitpunkt w\u00fcrde die Umsetzung des Protokolls in Frage stellen. <\/span><\/p>\n<\/div>\n","protected":false},"excerpt":{"rendered":"<p>Greenpeace bewertet den \u00fcberraschenden Aufruf von Bundeskanzler Schr\u00f6der, das Kyoto-Protokoll zur Verhinderung des Klimawandels bis zum Jahr 2002 zu ratifizieren, als Fortschritt f\u00fcr die internationale Klimapolitik. Die Umweltorganisation vermisst allerdings&hellip;<\/p>\n","protected":false},"author":23,"featured_media":0,"comment_status":"closed","ping_status":"open","sticky":false,"template":"","format":"standard","meta":{"_acf_changed":false,"_planet4_optimize_post_is_variant":false,"_planet4_optimize_experiment_name":"","_planet4_optimize_variant_name":"","ep_exclude_from_search":false,"p4_og_title":"","p4_og_description":"","p4_og_image":"","p4_og_image_id":"","p4_seo_canonical_url":"","p4_campaign_name":"","p4_local_project":"","p4_basket_name":"","p4_department":"","footnotes":""},"categories":[1],"tags":[50],"p4-page-type":[71],"gpch-article-type":[],"class_list":["post-7376","post","type-post","status-publish","format-standard","hentry","category-unkategorisiert","tag-klima","p4-page-type-medienmitteilung"],"acf":[],"_links":{"self":[{"href":"https:\/\/www.greenpeace.ch\/de\/wp-json\/wp\/v2\/posts\/7376","targetHints":{"allow":["GET"]}}],"collection":[{"href":"https:\/\/www.greenpeace.ch\/de\/wp-json\/wp\/v2\/posts"}],"about":[{"href":"https:\/\/www.greenpeace.ch\/de\/wp-json\/wp\/v2\/types\/post"}],"author":[{"embeddable":true,"href":"https:\/\/www.greenpeace.ch\/de\/wp-json\/wp\/v2\/users\/23"}],"replies":[{"embeddable":true,"href":"https:\/\/www.greenpeace.ch\/de\/wp-json\/wp\/v2\/comments?post=7376"}],"version-history":[{"count":0,"href":"https:\/\/www.greenpeace.ch\/de\/wp-json\/wp\/v2\/posts\/7376\/revisions"}],"wp:attachment":[{"href":"https:\/\/www.greenpeace.ch\/de\/wp-json\/wp\/v2\/media?parent=7376"}],"wp:term":[{"taxonomy":"category","embeddable":true,"href":"https:\/\/www.greenpeace.ch\/de\/wp-json\/wp\/v2\/categories?post=7376"},{"taxonomy":"post_tag","embeddable":true,"href":"https:\/\/www.greenpeace.ch\/de\/wp-json\/wp\/v2\/tags?post=7376"},{"taxonomy":"p4-page-type","embeddable":true,"href":"https:\/\/www.greenpeace.ch\/de\/wp-json\/wp\/v2\/p4-page-type?post=7376"},{"taxonomy":"gpch-article-type","embeddable":true,"href":"https:\/\/www.greenpeace.ch\/de\/wp-json\/wp\/v2\/gpch-article-type?post=7376"}],"curies":[{"name":"wp","href":"https:\/\/api.w.org\/{rel}","templated":true}]}}