{"id":73822,"date":"2021-09-13T16:03:54","date_gmt":"2021-09-13T14:03:54","guid":{"rendered":"https:\/\/www.greenpeace.ch\/?p=73822"},"modified":"2023-10-11T12:26:44","modified_gmt":"2023-10-11T10:26:44","slug":"greenpeace-jubilaeumsmagazin-03-21","status":"publish","type":"post","link":"https:\/\/www.greenpeace.ch\/de\/magazin\/73822\/greenpeace-jubilaeumsmagazin-03-21\/","title":{"rendered":"50 Jahre \u2013 50 Portr\u00e4ts"},"content":{"rendered":"\n<p>50 Jahre Greenpeace! 50 Jahre eine Gruppe\u00a0von Menschen, vereint in der Mission, den\u00a0 Kreislauf des Lebens von Mensch, Tier und\u00a0 Pflanze zu bewahren. Dazu ein Fischkutter\u00a0 und eine grosse Portion Mut, die den Beginn\u00a0 dieser Geschichte markieren. Wir zeigen in\u00a0dieser Jubil\u00e4umsausgabe 50 Portr\u00e4ts von\u00a0 Greenpeacer:innen weltweit. Ob als Mitarbeitende, Mitglieder oder Freiwillige \u2013 gemeinsam\u00a0haben wir uns gegen Atomtests gestellt, decken\u00a0wir die Bedrohungen der W\u00e4lder und Meere auf, bieten L\u00f6sungen und bringen den Klimaschutz voran. Wir haben Erfolge gefeiert, R\u00fcckschl\u00e4ge verarbeitet und \u00fcber Missgeschicke\u00a0gelacht. Wir waren, sind und bleiben vor Ort,\u00a0dort, wo das Unrecht passiert:\u00a0<em>Bearing Witness<\/em>.\u00a0<\/p>\n\n<p>Die Zeit der reinen M\u00e4nner-Crews auf den&nbsp;Schiffen ist vorbei. Die Vielfalt von Ali, Mariam, Sini und allen anderen Rainbow Warriors&nbsp;macht uns stark. Diese St\u00e4rke brauchen wir,&nbsp;denn die Herausforderungen sind noch immer&nbsp;gross. Doch mit Freude und Mut widmen wir&nbsp;uns der Transformation in ein neues System \u2013&nbsp;f\u00fcr zuk\u00fcnftige Generationen. Lassen Sie uns weiterhin Seite an Seite gehen.<\/p>\n\n<p>Ich danke Ihnen von Herzen f\u00fcr Ihr Engagement.<\/p>\n\n<p>Iris Menn, Gesch\u00e4ftsleiterin Greenpeace Schweiz&nbsp;<\/p>\n\n<figure class=\"wp-block-embed is-type-rich is-provider-issuu wp-block-embed-issuu\"><div class=\"wp-block-embed__wrapper\">\n<div data-url=\"https:\/\/issuu.com\/greenpeace-switzerland\/docs\/web_gpmagazin_jubi_50_de_es\" style=\"width: 500px; height: 373px;\" class=\"issuuembed\"><\/div><script type=\"text\/javascript\" src=\"\/\/e.issuu.com\/embed.js\" async=\"true\"><\/script>\n<\/div><\/figure>\n\n<div class=\"wp-block-file\"><a id=\"wp-block-file--media-8e63671e-9a69-4cb7-be13-a4e5ef9eefb9\" href=\"https:\/\/www.greenpeace.ch\/static\/planet4-switzerland-stateless\/2021\/09\/80e72b1e-web_gpmagazin_jubi_50_de_ds.pdf\">PDF-Download<\/a><\/div>\n","protected":false},"excerpt":{"rendered":"<p>Wir zeigen in\u00a0dieser Jubil\u00e4umsausgabe 50 Portr\u00e4ts von\u00a0 Greenpeacer:innen weltweit.<\/p>\n","protected":false},"author":49,"featured_media":73810,"comment_status":"closed","ping_status":"closed","sticky":false,"template":"","format":"standard","meta":{"_acf_changed":false,"_planet4_optimize_post_is_variant":false,"_planet4_optimize_experiment_name":"","_planet4_optimize_variant_name":"","ep_exclude_from_search":false,"p4_og_title":"","p4_og_description":"","p4_og_image":"","p4_og_image_id":"","p4_seo_canonical_url":"","p4_campaign_name":"not set","p4_local_project":"not set","p4_basket_name":"not set","p4_department":"","footnotes":""},"categories":[1],"tags":[46],"p4-page-type":[240],"gpch-article-type":[],"class_list":["post-73822","post","type-post","status-publish","format-standard","has-post-thumbnail","hentry","category-unkategorisiert","tag-ueber-uns","p4-page-type-magazin"],"acf":[],"_links":{"self":[{"href":"https:\/\/www.greenpeace.ch\/de\/wp-json\/wp\/v2\/posts\/73822","targetHints":{"allow":["GET"]}}],"collection":[{"href":"https:\/\/www.greenpeace.ch\/de\/wp-json\/wp\/v2\/posts"}],"about":[{"href":"https:\/\/www.greenpeace.ch\/de\/wp-json\/wp\/v2\/types\/post"}],"author":[{"embeddable":true,"href":"https:\/\/www.greenpeace.ch\/de\/wp-json\/wp\/v2\/users\/49"}],"replies":[{"embeddable":true,"href":"https:\/\/www.greenpeace.ch\/de\/wp-json\/wp\/v2\/comments?post=73822"}],"version-history":[{"count":0,"href":"https:\/\/www.greenpeace.ch\/de\/wp-json\/wp\/v2\/posts\/73822\/revisions"}],"wp:featuredmedia":[{"embeddable":true,"href":"https:\/\/www.greenpeace.ch\/de\/wp-json\/wp\/v2\/media\/73810"}],"wp:attachment":[{"href":"https:\/\/www.greenpeace.ch\/de\/wp-json\/wp\/v2\/media?parent=73822"}],"wp:term":[{"taxonomy":"category","embeddable":true,"href":"https:\/\/www.greenpeace.ch\/de\/wp-json\/wp\/v2\/categories?post=73822"},{"taxonomy":"post_tag","embeddable":true,"href":"https:\/\/www.greenpeace.ch\/de\/wp-json\/wp\/v2\/tags?post=73822"},{"taxonomy":"p4-page-type","embeddable":true,"href":"https:\/\/www.greenpeace.ch\/de\/wp-json\/wp\/v2\/p4-page-type?post=73822"},{"taxonomy":"gpch-article-type","embeddable":true,"href":"https:\/\/www.greenpeace.ch\/de\/wp-json\/wp\/v2\/gpch-article-type?post=73822"}],"curies":[{"name":"wp","href":"https:\/\/api.w.org\/{rel}","templated":true}]}}