{"id":7384,"date":"1999-10-19T00:00:00","date_gmt":"1999-10-18T22:00:00","guid":{"rendered":"https:\/\/master.greenpeace.ch\/beitrag\/7384\/basler-regierung-redet-klartext-mit-sonnenkraft-zur-meisterschaft\/"},"modified":"2019-05-30T08:04:19","modified_gmt":"2019-05-30T06:04:19","slug":"basler-regierung-redet-klartext-mit-sonnenkraft-zur-meisterschaft","status":"publish","type":"post","link":"https:\/\/www.greenpeace.ch\/de\/medienmitteilung\/7384\/basler-regierung-redet-klartext-mit-sonnenkraft-zur-meisterschaft\/","title":{"rendered":"Basler Regierung redet Klartext: Mit Sonnenkraft zur Meisterschaft"},"content":{"rendered":"<p><b>Die Stellungsnahme der Basler Regierung l\u00e4sst an Deutlichkeit nichts zu w\u00fcnschen \u00fcbrig: Das von Greenpeace vorgeschlagene Solarkraftwerk auf dem neuen Joggeli-Fussballstadion biete sich geradezu an und k\u00f6nnte \u00abf\u00fcr eine breite Bev\u00f6lkerungsschicht Signalwirkung\u00bb haben. Greenpeace begr\u00fcsst die Stellungsnahme der Basler Regierung. Jetzt liegt der Ball bei den Stadionbauern. Die Miteigent\u00fcmergemeinschaft MEG hat sich bislang geziert, das umweltfreundliche Anliegen in die Realit\u00e4t umzusetzen. Dies, obwohl eine Investorengruppe daf\u00fcr sorgt, dass die MEG keinen m\u00fcden Rappen f\u00fcr das Kraftwerk zahlen muss.<\/b><\/p>\n<div>\n<p class=\"bodytext\">Z\u00fcrich. Auf dem neuen Fussballstadion in Basel<br \/>\nk\u00f6nnte das gr\u00f6sste geb\u00e4udeintegrierte Solarkraftwerk der Schweiz<br \/>\ngebaut werden &#8211; auf dem Berner Wankdorf sogar das gr\u00f6sste Europas.<br \/>\nDies belegt eine Greenpeace-Studie, die im August ver\u00f6ffentlicht<br \/>\nworden ist. Im Anschluss reichten Basler Parlamentarier zwei<br \/>\nVorst\u00f6sse ein. Die Basler Regierung antwortet heute auf den ersten<br \/>\nVorstoss, die Interpellation von Ueli M\u00e4der (BastA!). Klarer h\u00e4tte<br \/>\ndie regierungsr\u00e4tliche Stellungnahme gar nicht ausfallen k\u00f6nnen:<br \/>\n\u00abDie Regierung steht dem Vorhaben, auf dem Dach des St.Jakob-Park<br \/>\neine Photovoltaik-Anlage einzurichten, positiv gegen\u00fcber.\u00bb Es<br \/>\nhandle sich um eine Anlage, die \u00abf\u00fcr eine breite<br \/>\nBev\u00f6lkerungsschicht Signalwirkung\u00bb haben k\u00f6nnte. Der Kanton<br \/>\nBaselstadt biete sich f\u00fcr ein solches Projekt geradezu an: \u00abDurch<br \/>\ndie Ausrichtung hoher Beitr\u00e4ge an die Investitionen und durch die<br \/>\nEinf\u00fchrung der Solarstromb\u00f6rse mit kostendeckender Verg\u00fctung hat<br \/>\ndie Regierung beispielhafte Voraus-setzungen f\u00fcr das Vorhaben<br \/>\ngeschaffen.\u00bb Greenpeace begr\u00fcsst, dass sich die Basler Regierung<br \/>\nklar hinter das Solarprojekt stellt und l\u00e4dt sie ein, das Projekt<br \/>\nder Bauherrschaft dringlich zu empfehlen. Jetzt liegt der Ball bei<br \/>\nder Miteigent\u00fcmergemeinschaft. Sie hat sich bislang geziert, den<br \/>\nsolaren Traumpass aufzunehmen und ins Tor zu schlagen. Das<br \/>\nGreenpeace-Projekt hat schon breite Unterst\u00fctzung gefunden, sowohl<br \/>\npolitisch als auch in der Bev\u00f6lkerung: Quer durch alle Parteien<br \/>\nunterst\u00fctzen 105 von 130 Ratsmitgliedern die F\u00f6rderung der<br \/>\nSolarenergie im neuen Joggeli. Zudem haben sich mehr als 300<br \/>\nPersonen seit der Lancierung des Projektes bei Greenpeace gemeldet.<br \/>\nEin Drittel davon will sich finanziell an der Errichtung des<br \/>\nSonnenkraftwerks beteiligen. 150 Menschen erkl\u00e4ren sich bereit,<br \/>\n&#171;sportlichen Strom&#187; vom Joggeli aus ihrer Steckdose zu konsumieren.<br \/>\nEs ist unverst\u00e4ndlich, wenn die Stadionbauer den<br \/>\nregierungsr\u00e4tlichen Flankenball nicht aufnehmen oder gar das<br \/>\nKunstst\u00fcck fertigbringen, ihn \u00fcber das leere Tor zu pfunden.<\/p>\n<p><strong>Kontakt:<\/strong><\/p>\n<p>Tschoff L\u00f6w, Greenpeace Energiekampagne 01\/ 447 41 25<\/p>\n<p>Greenpeace Medienabteilung 01\/ 447 41 11<\/p>\n<\/div>\n","protected":false},"excerpt":{"rendered":"<p>Die Stellungsnahme der Basler Regierung l\u00e4sst an Deutlichkeit nichts zu w\u00fcnschen \u00fcbrig: Das von Greenpeace vorgeschlagene Solarkraftwerk auf dem neuen Joggeli-Fussballstadion biete sich geradezu an und k\u00f6nnte \u00abf\u00fcr eine breite&hellip;<\/p>\n","protected":false},"author":23,"featured_media":0,"comment_status":"closed","ping_status":"open","sticky":false,"template":"","format":"standard","meta":{"_acf_changed":false,"_planet4_optimize_post_is_variant":false,"_planet4_optimize_experiment_name":"","_planet4_optimize_variant_name":"","ep_exclude_from_search":false,"p4_og_title":"","p4_og_description":"","p4_og_image":"","p4_og_image_id":"","p4_seo_canonical_url":"","p4_campaign_name":"","p4_local_project":"","p4_basket_name":"","p4_department":"","footnotes":""},"categories":[1],"tags":[50],"p4-page-type":[71],"gpch-article-type":[],"class_list":["post-7384","post","type-post","status-publish","format-standard","hentry","category-unkategorisiert","tag-klima","p4-page-type-medienmitteilung"],"acf":[],"_links":{"self":[{"href":"https:\/\/www.greenpeace.ch\/de\/wp-json\/wp\/v2\/posts\/7384","targetHints":{"allow":["GET"]}}],"collection":[{"href":"https:\/\/www.greenpeace.ch\/de\/wp-json\/wp\/v2\/posts"}],"about":[{"href":"https:\/\/www.greenpeace.ch\/de\/wp-json\/wp\/v2\/types\/post"}],"author":[{"embeddable":true,"href":"https:\/\/www.greenpeace.ch\/de\/wp-json\/wp\/v2\/users\/23"}],"replies":[{"embeddable":true,"href":"https:\/\/www.greenpeace.ch\/de\/wp-json\/wp\/v2\/comments?post=7384"}],"version-history":[{"count":0,"href":"https:\/\/www.greenpeace.ch\/de\/wp-json\/wp\/v2\/posts\/7384\/revisions"}],"wp:attachment":[{"href":"https:\/\/www.greenpeace.ch\/de\/wp-json\/wp\/v2\/media?parent=7384"}],"wp:term":[{"taxonomy":"category","embeddable":true,"href":"https:\/\/www.greenpeace.ch\/de\/wp-json\/wp\/v2\/categories?post=7384"},{"taxonomy":"post_tag","embeddable":true,"href":"https:\/\/www.greenpeace.ch\/de\/wp-json\/wp\/v2\/tags?post=7384"},{"taxonomy":"p4-page-type","embeddable":true,"href":"https:\/\/www.greenpeace.ch\/de\/wp-json\/wp\/v2\/p4-page-type?post=7384"},{"taxonomy":"gpch-article-type","embeddable":true,"href":"https:\/\/www.greenpeace.ch\/de\/wp-json\/wp\/v2\/gpch-article-type?post=7384"}],"curies":[{"name":"wp","href":"https:\/\/api.w.org\/{rel}","templated":true}]}}