{"id":7408,"date":"1999-07-19T00:00:00","date_gmt":"1999-07-18T22:00:00","guid":{"rendered":"https:\/\/master.greenpeace.ch\/beitrag\/7408\/abgeschnitten-greenpeace-verhindert-pollenflug-von-gen-mais-pflanzen\/"},"modified":"2019-05-30T08:04:58","modified_gmt":"2019-05-30T06:04:58","slug":"abgeschnitten-greenpeace-verhindert-pollenflug-von-gen-mais-pflanzen","status":"publish","type":"post","link":"https:\/\/www.greenpeace.ch\/de\/medienmitteilung\/7408\/abgeschnitten-greenpeace-verhindert-pollenflug-von-gen-mais-pflanzen\/","title":{"rendered":"Abgeschnitten: Greenpeace verhindert Pollenflug von Gen-Mais-Pflanzen"},"content":{"rendered":"<p><b>20 Aktivisten von Greenpeace haben heute auf einem Feld bei Riedstadt damit begonnen, die Bl\u00fcten von genmanipuliertem Mais der Firma Novartis abzuschneiden. Mit Scheren gehen sie von Pflanze zu Pflanze und entfernen die Bl\u00fcten samt anhaftendem Pollen. Mit der Aktion will Greenpeace verhindern, dass der Bl\u00fctenstaub des Gen-Maises in der Region verbreitet wird. Der einen Hektar grosse Acker liegt in unmittelbarer N\u00e4he zum Naturschutzgebiet K\u00fchkopf.<\/b><\/p>\n<div>\n<p class=\"bodytext\"><span class=\"date\">Riedstadt (D). <\/span><span class=\"text\"> Der Pollenflug des Gen-Maises gef\u00e4hrdet die Raupen von Schmetterlingen und muss deshalb sofort unterbunden werden, so Barbara Kamradt, Gentechnik-Expertin bei Greenpeace. Eine im Mai ver\u00f6ffentlichte Studie der Cornell Universit\u00e4t (USA) hatte ergeben, dass durch den Pollen der Maispflanzen, die das sogenannte Bt-Gift gegen Sch\u00e4dlinge bilden, die Raupen von Schmetterlingen gesch\u00e4digt werden k\u00f6nnen. Nach Aussage des Schmetterlingsexperten Dr. W. N\u00e4ssig vom Forschungsinstitut Senckenberg in Frankfurt am Main, sind die \u00f6kologischen Risiken, die vom BT-Mais ausgehen, derzeit noch nicht ausreichend erforscht. Deswegen sei der grossfl\u00e4chige Anbau des Gen-Maises in der Gegend des K\u00fchkopfes ein gewichtiges \u00f6kologisches Risiko. Ausserdem k\u00f6nnte der Pollen auch auf herk\u00f6mmliche Pflanzen angrenzender Felder auskreuzen und die Ernten benachbarter Landwirte gentechnisch verschmutzen. &#171;Die Zulassung f\u00fcr diesen Mais&#187;, so Barbara Kamradt, &#171;erfolgte aufgrund einer unvollst\u00e4ndigen Risikoabsch\u00e4tzung. Die Europ\u00e4ische Union hat deswegen die Notbremse gezogen und die weitere Zulassung von gentechnisch ver\u00e4nderten Pflanzen gestoppt. Novartis muss den Mais, der bereits auf den Feldern steht, vorzeitig abernten lassen und die Bauern wirtschaftlich entsch\u00e4digen.&#187; Skeptisch reagiert Kamradt auf die Ank\u00fcndigung von Novartis, in Zukunft vermehrt Risikoforschung zu betreiben. &#171;Diese Ank\u00fcndigungen zeigen, dass auch die Firma Novartis Nachholbedarf hat. Es ist ein zweifelhaftes Vorgehen, erst Saatgut an die Landwirte zu verkaufen und im nachhinein neue Risikountersuchungen zu starten.&#187; Auch die Gemeinde Riedstadt hat sich der Kritik von Greenpeace angeschlossen. In einer Resolution der Gemeinde vom 24.6.1999 heisst es: &#171;Die Gemeindevertretung missbilligt den Anbau von genmanipuliertem Mais in Riedstadt.&#187; Der B\u00fcrgermeister von Riedstadt hat inzwischen angeordnet, dass in den Pachtvertr\u00e4gen der Gemeinde ein entsprechender Passus verankert wird, der den Anbau von gentechnisch ver\u00e4nderten Pflanzen verbietet.<\/p>\n<p>                               <\/span><br \/>\n<span class=\"text\"><strong>Kontakt:<\/strong><br \/>   Greenpeace Deutschland<br \/><\/span><\/p>\n<p><span class=\"linkliste\">                                                                                                                                               <a href=\"http:\/\/www.greenpeace.de\/\" title=\"\u00d6ffnet einen externen Link in einem neuen Fenster\" target=\"_blank\" rel=\"noopener noreferrer\">http:\/\/www.greenpeace.de<\/a><br \/>                                      <\/span><\/p>\n<\/div>\n","protected":false},"excerpt":{"rendered":"<p>20 Aktivisten von Greenpeace haben heute auf einem Feld bei Riedstadt damit begonnen, die Bl\u00fcten von genmanipuliertem Mais der Firma Novartis abzuschneiden. Mit Scheren gehen sie von Pflanze zu Pflanze&hellip;<\/p>\n","protected":false},"author":23,"featured_media":0,"comment_status":"closed","ping_status":"open","sticky":false,"template":"","format":"standard","meta":{"_acf_changed":false,"_planet4_optimize_post_is_variant":false,"_planet4_optimize_experiment_name":"","_planet4_optimize_variant_name":"","ep_exclude_from_search":false,"p4_og_title":"","p4_og_description":"","p4_og_image":"","p4_og_image_id":"","p4_seo_canonical_url":"","p4_campaign_name":"","p4_local_project":"","p4_basket_name":"","p4_department":"","footnotes":""},"categories":[1],"tags":[],"p4-page-type":[71],"gpch-article-type":[],"class_list":["post-7408","post","type-post","status-publish","format-standard","hentry","category-unkategorisiert","p4-page-type-medienmitteilung"],"acf":[],"_links":{"self":[{"href":"https:\/\/www.greenpeace.ch\/de\/wp-json\/wp\/v2\/posts\/7408","targetHints":{"allow":["GET"]}}],"collection":[{"href":"https:\/\/www.greenpeace.ch\/de\/wp-json\/wp\/v2\/posts"}],"about":[{"href":"https:\/\/www.greenpeace.ch\/de\/wp-json\/wp\/v2\/types\/post"}],"author":[{"embeddable":true,"href":"https:\/\/www.greenpeace.ch\/de\/wp-json\/wp\/v2\/users\/23"}],"replies":[{"embeddable":true,"href":"https:\/\/www.greenpeace.ch\/de\/wp-json\/wp\/v2\/comments?post=7408"}],"version-history":[{"count":0,"href":"https:\/\/www.greenpeace.ch\/de\/wp-json\/wp\/v2\/posts\/7408\/revisions"}],"wp:attachment":[{"href":"https:\/\/www.greenpeace.ch\/de\/wp-json\/wp\/v2\/media?parent=7408"}],"wp:term":[{"taxonomy":"category","embeddable":true,"href":"https:\/\/www.greenpeace.ch\/de\/wp-json\/wp\/v2\/categories?post=7408"},{"taxonomy":"post_tag","embeddable":true,"href":"https:\/\/www.greenpeace.ch\/de\/wp-json\/wp\/v2\/tags?post=7408"},{"taxonomy":"p4-page-type","embeddable":true,"href":"https:\/\/www.greenpeace.ch\/de\/wp-json\/wp\/v2\/p4-page-type?post=7408"},{"taxonomy":"gpch-article-type","embeddable":true,"href":"https:\/\/www.greenpeace.ch\/de\/wp-json\/wp\/v2\/gpch-article-type?post=7408"}],"curies":[{"name":"wp","href":"https:\/\/api.w.org\/{rel}","templated":true}]}}