{"id":7422,"date":"1999-07-07T00:00:00","date_gmt":"1999-07-06T22:00:00","guid":{"rendered":"https:\/\/master.greenpeace.ch\/beitrag\/7422\/ozongrenzwert-bereits-x-fach-ueberschritten-greenpeace-verlangt-fahrverbote\/"},"modified":"2019-05-30T08:05:22","modified_gmt":"2019-05-30T06:05:22","slug":"ozongrenzwert-bereits-x-fach-ueberschritten-greenpeace-verlangt-fahrverbote","status":"publish","type":"post","link":"https:\/\/www.greenpeace.ch\/de\/medienmitteilung\/7422\/ozongrenzwert-bereits-x-fach-ueberschritten-greenpeace-verlangt-fahrverbote\/","title":{"rendered":"Ozongrenzwert bereits x-fach \u00fcberschritten &#8211; Greenpeace verlangt Fahrverbote!"},"content":{"rendered":"<p><b>Mit einem Riesentransparent an der Berner Kornhausbr\u00fccke fordern Greenpeace AktivistInnen griffige Sofortmassnahmen gegen Ozonsmog. Auf dem Banner \u2013 mit 525 Quadratmetern das wohl gr\u00f6sste, das jemals in der Schweiz hing \u2013 steht: \u00abOzonsmog macht krank \u2013 Autos, macht Pause!\u00bb Sommersmog wurde dieses Jahr unter anderem aus Bern, Basel, Biel, Genf, Lausanne, Lugano, St. Gallen und Z\u00fcrich gemeldet. Greenpeace fordert jetzt Massnahmen, die bei hohen Ozonwerten sofort greifen: Geschwindigkeitsbeschr\u00e4nkungen, Fahrverbote f\u00fcr Autos mit geraden resp. ungeraden Nummern und eine befristete Verbilligung der Bus-, Zug- und Trambillette.<\/b><\/p>\n<div>\n<p class=\"bodytext\"><span class=\"date\">Bern. <\/span><span class=\"text\"> Bund und Kantone wollen das Ozon-Problem mit langfristigen Massnahmen bek\u00e4mpfen. Doch die Erfahrung der letzten Jahre zeigt: Damit kriegen wir den Ozonsmog nicht in den Griff. Der Grenzwert wird jeden Sommer mehrhundertfach und massiv \u00fcberschritten, im Tessin beispielsweise werden statt der erlaubten 120 Mikrogramm pro Stunde satte 300 Mikrogramm gemessen. Deshalb fordert Greenpeace jetzt Sofortmassnahmen. Eine Studie des Umweltberatungsb\u00fcros Elektrowatt Engineering hat im Auftrag von Greenpeace m\u00f6gliche Wirkungen von Sofortmassnahmen untersucht. Demnach m\u00fcssen Bund und Kantone bei hohen Ozonwerten folgende Massnahmen ergreifen, um die Ozonspitzen zu brechen: \u2022 alternierende Fahrverbote f\u00fcr Autos mit geraden resp. ungeraden Nummern. \u2022 Geschwindigkeitsbeschr\u00e4nkungen \u2022 befristete Verbilligung der Bus-, Zugs- und Trambillette Die Sofortschritte zur Rettung unserer Gesundheit zielen vorab auf den Verkehr, denn Hauptursache von Ozonsmog sind Autoabgase. Unter intensiver Sonneneinstrahlung bildet sich aus Stickoxiden und Kohlenwasserstoffen ein giftiges Luftgemisch, das bis in die feinsten Ver\u00e4stelungen der Lunge vordringt. Folge: Die Bev\u00f6lkerung, insbesondere Kinder, leiden unter Atembeschwerden, Asthma und Allergien. Zwar hat in den letzten Jahren der Ausstoss von Kohlenwasserstoffen und Stickoxiden dank diverser Massnahmen abgenommen. Doch das gen\u00fcgt nicht. Im Gegenteil: S\u00e4mtliche Verkehrsexperten prognostizieren, dass der Verkehr in den n\u00e4chsten Jahren massiv zunehmen wird \u2013 und damit auch die Stickoxide. Jetzt m\u00fcssen Bund und Kantone beweisen, dass sie die Gesundheit ihrer B\u00fcrger und B\u00fcrgerinnen ernst nehmen. Nicht zuletzt verursacht die verkehrsbedingte Luftverschmutzung Gesundheitskosten von 3,6 Milliarden Franken j\u00e4hrlich, kostet mithin jeden Einwohner rund 500 Franken. Um den Forderungen nach einer Soforthilfe f\u00fcr die Luft Nachdruck zu verleihen, tourt Greenpeace ab heute mit einem Spezial-Bus durch die Schweiz. Der Bus misst die Luftqualit\u00e4t unter anderem in den Kantonen Bern, Z\u00fcrich, Waadt, Tessin und Genf und f\u00fchrt damit das Ozonproblem hautnah vor die tr\u00e4nenden Augen.<\/p>\n<p>                               <\/span><br \/>\n<span class=\"text\"><strong>Kontakt:<\/strong><br \/>   Greenpeace Klima-\/Verkehrskampagne, Judith Bucher, Tel. 079 \/ 675 69 16 <br \/>    Greenpeace Medienabteilung Tel. 01 \/ 447 41 11<br \/><\/span><\/p>\n<\/div>\n","protected":false},"excerpt":{"rendered":"<p>Mit einem Riesentransparent an der Berner Kornhausbr\u00fccke fordern Greenpeace AktivistInnen griffige Sofortmassnahmen gegen Ozonsmog. Auf dem Banner \u2013 mit 525 Quadratmetern das wohl gr\u00f6sste, das jemals in der Schweiz hing&hellip;<\/p>\n","protected":false},"author":23,"featured_media":0,"comment_status":"closed","ping_status":"open","sticky":false,"template":"","format":"standard","meta":{"_acf_changed":false,"_planet4_optimize_post_is_variant":false,"_planet4_optimize_experiment_name":"","_planet4_optimize_variant_name":"","ep_exclude_from_search":false,"p4_og_title":"","p4_og_description":"","p4_og_image":"","p4_og_image_id":"","p4_seo_canonical_url":"","p4_campaign_name":"","p4_local_project":"","p4_basket_name":"","p4_department":"","footnotes":""},"categories":[1],"tags":[50],"p4-page-type":[71],"gpch-article-type":[],"class_list":["post-7422","post","type-post","status-publish","format-standard","hentry","category-unkategorisiert","tag-klima","p4-page-type-medienmitteilung"],"acf":[],"_links":{"self":[{"href":"https:\/\/www.greenpeace.ch\/de\/wp-json\/wp\/v2\/posts\/7422","targetHints":{"allow":["GET"]}}],"collection":[{"href":"https:\/\/www.greenpeace.ch\/de\/wp-json\/wp\/v2\/posts"}],"about":[{"href":"https:\/\/www.greenpeace.ch\/de\/wp-json\/wp\/v2\/types\/post"}],"author":[{"embeddable":true,"href":"https:\/\/www.greenpeace.ch\/de\/wp-json\/wp\/v2\/users\/23"}],"replies":[{"embeddable":true,"href":"https:\/\/www.greenpeace.ch\/de\/wp-json\/wp\/v2\/comments?post=7422"}],"version-history":[{"count":0,"href":"https:\/\/www.greenpeace.ch\/de\/wp-json\/wp\/v2\/posts\/7422\/revisions"}],"wp:attachment":[{"href":"https:\/\/www.greenpeace.ch\/de\/wp-json\/wp\/v2\/media?parent=7422"}],"wp:term":[{"taxonomy":"category","embeddable":true,"href":"https:\/\/www.greenpeace.ch\/de\/wp-json\/wp\/v2\/categories?post=7422"},{"taxonomy":"post_tag","embeddable":true,"href":"https:\/\/www.greenpeace.ch\/de\/wp-json\/wp\/v2\/tags?post=7422"},{"taxonomy":"p4-page-type","embeddable":true,"href":"https:\/\/www.greenpeace.ch\/de\/wp-json\/wp\/v2\/p4-page-type?post=7422"},{"taxonomy":"gpch-article-type","embeddable":true,"href":"https:\/\/www.greenpeace.ch\/de\/wp-json\/wp\/v2\/gpch-article-type?post=7422"}],"curies":[{"name":"wp","href":"https:\/\/api.w.org\/{rel}","templated":true}]}}