{"id":74276,"date":"2021-09-24T08:30:00","date_gmt":"2021-09-24T06:30:00","guid":{"rendered":"https:\/\/www.greenpeace.ch\/?p=74276"},"modified":"2021-09-24T17:43:32","modified_gmt":"2021-09-24T15:43:32","slug":"greenpieces","status":"publish","type":"post","link":"https:\/\/www.greenpeace.ch\/de\/story\/74276\/greenpieces\/","title":{"rendered":"GreenPiece(s)"},"content":{"rendered":"\n<p><strong>Kunst, Aktivismus und kreative Auseinandersetzungen sind das Lebenselixier von Greenpeace, manche w\u00fcrden sagen, die Seele von Greenpeace.<\/strong><\/p>\n\n<p>Auf der Jungfernfahrt des Schiffes Phyllis Cormack war das Segel grob mit den Friedens- und \u00d6kologie-Symbolen bemalt und das Wort Greenpeace war dazwischen eingef\u00fcgt.&nbsp;<br>Ein paar Jahre sp\u00e4ter, im Sommer 1975, bei den Vorbereitungen der Phyllis Cormack auf die Konfrontation mit den sowjetischen Walf\u00e4ngern, wurde ein neues Segel mit einer ver\u00e4nderten, hybridisierten Version eines alten Wappens namens <a href=\"https:\/\/www.greenpeace.org\/canada\/en\/story\/496\/greenpeace-and-the-sisiutl-cultural-appropriation-and-reconciliation\/\">Sisiutl<\/a> bemalt.<\/p>\n\n<figure class=\"wp-block-image size-large\"><img loading=\"lazy\" decoding=\"async\" width=\"533\" height=\"800\" src=\"https:\/\/www.greenpeace.ch\/static\/planet4-switzerland-stateless\/2021\/09\/ca757383-gp05e9_web_size_with_credit_line.jpg\" alt=\"\" class=\"wp-image-74277\" srcset=\"https:\/\/www.greenpeace.ch\/static\/planet4-switzerland-stateless\/2021\/09\/ca757383-gp05e9_web_size_with_credit_line.jpg 533w, https:\/\/www.greenpeace.ch\/static\/planet4-switzerland-stateless\/2021\/09\/ca757383-gp05e9_web_size_with_credit_line-200x300.jpg 200w, https:\/\/www.greenpeace.ch\/static\/planet4-switzerland-stateless\/2021\/09\/ca757383-gp05e9_web_size_with_credit_line-227x340.jpg 227w\" sizes=\"auto, (max-width: 533px) 100vw, 533px\" \/><figcaption>Das Segel, das mit einer Variation eines Symbols der nordamerikanischen Ureinwohner (Sisiutl) und dem Friedenssymbol bemalt wird.<\/figcaption><\/figure>\n\n<h2 class=\"wp-block-heading\"><strong>Die lange Tradition des Protests mit Kunst<\/strong><\/h2>\n\n<p>Im Laufe der Jahre waren Kunst, Aktivismus und kreative Konfrontationen ein fester Bestandteil der Arbeit von Greenpeace, wobei viele K\u00fcnstler aus allen kreativen Bereichen entweder ihre inspirierenden Ideen, Werke und ihr Publikum zur Verf\u00fcgung gestellt haben, um unsere Kampagnenbotschaften zu verbreiten, oder gemeinsam mit uns Bilder, Worte und Inhalte geschaffen haben &#8211; sei es von den Musikern, die 1989 Tracks f\u00fcr das Album <a href=\"https:\/\/media.greenpeace.org\/C.aspx?VP3=SearchResult_VPage&amp;STID=27MZIF3TIRC\">&#171;Breakthrough&#187;<\/a> gespendet haben, um Geld f\u00fcr das erste Greenpeace-B\u00fcro in Moskau zu sammeln, bis hin zu Designern und Illustratoren, die an Designwettbewerben teilgenommen haben und die <a href=\"https:\/\/www.theguardian.com\/environment\/gallery\/2010\/jun\/10\/greenpeace-bp-logo-competition\">Logos der \u00d6lgiganten<\/a> untergraben haben, oder anonymen K\u00fcnstlern, die <a href=\"https:\/\/greenpeace.org.nz\/oiloncanvas\/\">Kunstwerke mit toten V\u00f6geln und \u00d6lteppichen<\/a> geschaffen haben.&nbsp;<\/p>\n\n<p>Greenpeace war schon immer in vielen Formen des Protests auf der Strasse: entweder als Teil einer breiteren Bewegung oder Greenpeace Aktivist:innen protestieren auf der Strasse vor und manchmal auf dem Dach eines B\u00fcros, Regierungsgeb\u00e4udes, Restaurants oder eines anderen Kampagnenziels mit eigenen Botschaften und lebensgrossen Requisiten.<\/p>\n\n<p>Die Popularit\u00e4t der Spr\u00fchdose stieg mit der Umweltbewegung in den fr\u00fchen 70er Jahren und erbl\u00fchte in New York auf den beweglichen Leinw\u00e4nden der U-Bahn-Waggons &#8211; diese Graffiti-Kunst verbreitete sich weltweit und verst\u00e4ndlicherweise, da die einfache Handhabung und die Mobilit\u00e4t der Spr\u00fchdose von jedem genutzt werden konnte &#8211; von Sportfans, die ihre Unterst\u00fctzung f\u00fcr ihr lokales Team zeigten, \u00fcber jugendliche Tagger, die ihr Revier markierten, bis hin zu bildenden K\u00fcnstlern, die die Grenzen dessen ausloteten, was eine Dose leisten kann.<\/p>\n\n<figure class=\"wp-block-image size-large\"><img loading=\"lazy\" decoding=\"async\" width=\"533\" height=\"800\" src=\"https:\/\/www.greenpeace.ch\/static\/planet4-switzerland-stateless\/2021\/09\/a62269d7-gp1svzvu_web_size_with_credit_line.jpg\" alt=\"\" class=\"wp-image-74284\" srcset=\"https:\/\/www.greenpeace.ch\/static\/planet4-switzerland-stateless\/2021\/09\/a62269d7-gp1svzvu_web_size_with_credit_line.jpg 533w, https:\/\/www.greenpeace.ch\/static\/planet4-switzerland-stateless\/2021\/09\/a62269d7-gp1svzvu_web_size_with_credit_line-200x300.jpg 200w, https:\/\/www.greenpeace.ch\/static\/planet4-switzerland-stateless\/2021\/09\/a62269d7-gp1svzvu_web_size_with_credit_line-227x340.jpg 227w\" sizes=\"auto, (max-width: 533px) 100vw, 533px\" \/><\/figure>\n\n<h2 class=\"wp-block-heading\">Harald Naegeli und Greenpeace<\/h2>\n\n<p>In der Schweiz nahm ein lokaler K\u00fcnstler namens Harald Naegeli abends, wenn er mit seinem Hund spazieren ging, eine oder zwei Dosen mit. Zwischen 1977 und 1979 spr\u00fchte er fast 2\u2019000 Strichm\u00e4nnchen in ganz <a href=\"https:\/\/sprayervonz\u00fcrich.com\" target=\"_blank\" rel=\"noreferrer noopener\">Z\u00fcrich<\/a>, die von der Bev\u00f6lkerung geliebt, von den Beh\u00f6rden aber verabscheut wurden.<\/p>\n\n<p>Eines Abends geriet sein Hund in eine Auseinandersetzung mit einem anderen Hund, bei der Naegeli seine Brille verlor. Am n\u00e4chsten Tag kehrte er an den Ort des Geschehens zur\u00fcck, um seine Brille zu holen. Die Polizei wartete schon und nahm ihn fest. Harald Naegeli floh nach Rom, Frankreich und sp\u00e4ter nach Deutschland, wo er in D\u00fcsseldorf Unterst\u00fctzung von Joseph Beuys und anderen K\u00fcnstler und Politikern erhielt. Er setzte seine erfolgreiche Kunstkarriere fort und sprayte weiterhin, stellte sich aber 1984 freiwillig den Basler Grenzw\u00e4chtern in der Schweiz, woraufhin er zu einer Geldstrafe von 200.000 CHF verurteilt wurde und sechs Monate im Gef\u00e4ngnis sass.<\/p>\n\n<p>Nach Verb\u00fcssung der Haftstrafe kehrte er der Schweiz verst\u00e4ndlicherweise aus politischen Gr\u00fcnden den R\u00fccken und lebte \u00fcber drei Jahrzehnte in Deutschland, bis er 2020 in seine Heimat zur\u00fcckkehrte, um in der N\u00e4he von Familie und Freunden zu sein.<\/p>\n\n<p>Nach der Verleihung des Kunstpreises der Stadt Z\u00fcrich im Jahr 2020 wandte er sich an Greenpeace mit dem Angebot, einen Teil des Preisgeldes f\u00fcr den Umweltschutz zu spenden. Dieses Gespr\u00e4ch f\u00fchrte dazu, dass Naegeli sehr grossz\u00fcgig 50 Werke f\u00fcr die <a href=\"https:\/\/auktion.greenpeace.ch\">Versteigerung<\/a> im Rahmen unserer 50-Jahr-Feierlichkeiten spendete.&nbsp;<\/p>\n\n<p>Diese Grossz\u00fcgigkeit und Harald Naegelis lange Geschichte als Kunstrebell und sympathischer Unterst\u00fctzer waren der Anstoss, der das GreenPieces-Wandbildprojekt inspirierte, und wir waren erfreut und geehrt, dass Naegli uns an unserem B\u00fcro-Sitz besuchte und eine seiner ikonischen Figuren zum neuen Queen-Kong-Wandbild hinzuf\u00fcgte, das nun neun Stockwerke \u00fcber den D\u00e4chern von Z\u00fcrich thront.<\/p>\n\n<figure class=\"wp-block-image size-large\"><img loading=\"lazy\" decoding=\"async\" width=\"936\" height=\"624\" src=\"https:\/\/www.greenpeace.ch\/static\/planet4-switzerland-stateless\/2021\/09\/249b903d-unbenannt.jpg\" alt=\"\" class=\"wp-image-74295\" srcset=\"https:\/\/www.greenpeace.ch\/static\/planet4-switzerland-stateless\/2021\/09\/249b903d-unbenannt.jpg 936w, https:\/\/www.greenpeace.ch\/static\/planet4-switzerland-stateless\/2021\/09\/249b903d-unbenannt-300x200.jpg 300w, https:\/\/www.greenpeace.ch\/static\/planet4-switzerland-stateless\/2021\/09\/249b903d-unbenannt-768x512.jpg 768w, https:\/\/www.greenpeace.ch\/static\/planet4-switzerland-stateless\/2021\/09\/249b903d-unbenannt-510x340.jpg 510w\" sizes=\"auto, (max-width: 936px) 100vw, 936px\" \/><figcaption>Harald Naegeli auf dem Dach des Greenpeace-B\u00fcros in Z\u00fcrich<\/figcaption><\/figure>\n\n<h2 class=\"wp-block-heading\"><strong>Die Geschichte des Street Artivism geht weiter<\/strong><\/h2>\n\n<p>Im Laufe der Jahre haben wir viele andere Wandbilder gemalt, wie z.B. einen traditionellen mexikanischen Totenkopf mit unserem Detox-Logo als Augen, ein gemeinschaftliches Wandbild f\u00fcr den Frieden in Freiberg, mehrere Wandbilder f\u00fcr die Wings of Paradise-Kampagne, und die Arbeit von GreenPieces setzt diese lange Linie des Street Artivism fort.<\/p>\n<div data-render=\"planet4-blocks\/gallery\" data-attributes=\"{&quot;attributes&quot;:{&quot;multiple_image&quot;:&quot;74303,74305,74316&quot;,&quot;image_data&quot;:[{&quot;url&quot;:&quot;https:\\\/\\\/www.greenpeace.ch\\\/static\\\/planet4-switzerland-stateless\\\/2021\\\/09\\\/203bce4f-gp1su8vz_web_size_with_credit_line.jpg&quot;,&quot;focalPoint&quot;:{&quot;x&quot;:0.5,&quot;y&quot;:0.5},&quot;id&quot;:74303},{&quot;url&quot;:&quot;https:\\\/\\\/www.greenpeace.ch\\\/static\\\/planet4-switzerland-stateless\\\/2021\\\/09\\\/9ea4312b-gp0stsign_web_size_with_credit_line.jpg&quot;,&quot;focalPoint&quot;:{&quot;x&quot;:0.5,&quot;y&quot;:0.5},&quot;id&quot;:74305},{&quot;url&quot;:&quot;https:\\\/\\\/www.greenpeace.ch\\\/static\\\/planet4-switzerland-stateless\\\/2021\\\/09\\\/2cb760d0-gp1svzw6_web_size_with_credit_line.jpg&quot;,&quot;focalPoint&quot;:{&quot;x&quot;:0.5,&quot;y&quot;:0.5},&quot;id&quot;:74316}],&quot;className&quot;:&quot;is-style-grid&quot;,&quot;gallery_block_style&quot;:0,&quot;gallery_block_title&quot;:&quot;&quot;,&quot;gallery_block_description&quot;:&quot;&quot;,&quot;gallery_block_focus_points&quot;:&quot;&quot;,&quot;images&quot;:[{&quot;image_src&quot;:&quot;https:\\\/\\\/www.greenpeace.ch\\\/static\\\/planet4-switzerland-stateless\\\/2021\\\/09\\\/203bce4f-gp1su8vz_web_size_with_credit_line.jpg&quot;,&quot;image_srcset&quot;:&quot;https:\\\/\\\/www.greenpeace.ch\\\/static\\\/planet4-switzerland-stateless\\\/2021\\\/09\\\/203bce4f-gp1su8vz_web_size_with_credit_line.jpg 800w, https:\\\/\\\/www.greenpeace.ch\\\/static\\\/planet4-switzerland-stateless\\\/2021\\\/09\\\/203bce4f-gp1su8vz_web_size_with_credit_line-300x200.jpg 300w, https:\\\/\\\/www.greenpeace.ch\\\/static\\\/planet4-switzerland-stateless\\\/2021\\\/09\\\/203bce4f-gp1su8vz_web_size_with_credit_line-768x512.jpg 768w, https:\\\/\\\/www.greenpeace.ch\\\/static\\\/planet4-switzerland-stateless\\\/2021\\\/09\\\/203bce4f-gp1su8vz_web_size_with_credit_line-510x340.jpg 510w&quot;,&quot;image_sizes&quot;:false,&quot;alt_text&quot;:&quot;&quot;,&quot;caption&quot;:&quot;Die K\\u00fcnstler*innen von der P\\u00e4dagogischen Hochschule PH und der K\\u00fcnstler Zoolo setzen mit einem Wandbild im Freiburger Schlossbergring ein Friedenszeichen. Die Malereien auf Garagentoren sind als gemeinsames Streetart-Projekt anl\\u00e4sslich der Gedenktage f\\u00fcr Hiroshima und Nagasaki entstanden. Dies ist der 75. Jahrestag der Atombombenabw\\u00fcrfe auf die beiden St\\u00e4dte, die 1945 mehr als 200.000 Menschen t\\u00f6teten.\\nGreenpeace Freiburg und die \\&quot;Artgenoss*innen\\&quot; der PH Freiburg setzen mit einem gemeinsamen Street Art Projekt ein Zeichen fuer atomare Abruestung mit einem Wandgemaelde auf mehreren  Garagentoren am Schlossbergring. Passanten und Passantinnen sind eingeladen, sich am Gestaltungsprozess zu beteiligen. Das Gemaelde entsteht anlaesslich der Gedenktage fuer Hiroshima und Nagasaki.&quot;,&quot;focus_image&quot;:&quot;&quot;,&quot;credits&quot;:&quot;&quot;},{&quot;image_src&quot;:&quot;https:\\\/\\\/www.greenpeace.ch\\\/static\\\/planet4-switzerland-stateless\\\/2021\\\/09\\\/9ea4312b-gp0stsign_web_size_with_credit_line.jpg&quot;,&quot;image_srcset&quot;:&quot;https:\\\/\\\/www.greenpeace.ch\\\/static\\\/planet4-switzerland-stateless\\\/2021\\\/09\\\/9ea4312b-gp0stsign_web_size_with_credit_line.jpg 800w, https:\\\/\\\/www.greenpeace.ch\\\/static\\\/planet4-switzerland-stateless\\\/2021\\\/09\\\/9ea4312b-gp0stsign_web_size_with_credit_line-300x200.jpg 300w, https:\\\/\\\/www.greenpeace.ch\\\/static\\\/planet4-switzerland-stateless\\\/2021\\\/09\\\/9ea4312b-gp0stsign_web_size_with_credit_line-768x513.jpg 768w, https:\\\/\\\/www.greenpeace.ch\\\/static\\\/planet4-switzerland-stateless\\\/2021\\\/09\\\/9ea4312b-gp0stsign_web_size_with_credit_line-510x340.jpg 510w&quot;,&quot;image_sizes&quot;:false,&quot;alt_text&quot;:&quot;&quot;,&quot;caption&quot;:&quot;Portr\\u00e4t der Strassenk\\u00fcnstlerin Conilars vor einem von ihr gemalten Wandbild, das Paradiesv\\u00f6gel in Santiago, Chile, darstellt. Teil der Greenpeace-Aktion \\&quot;Wings of Paradise\\&quot;, die auf die Abholzung der W\\u00e4lder in der indonesischen Provinz West Papua aufmerksam macht.&quot;,&quot;focus_image&quot;:&quot;&quot;,&quot;credits&quot;:&quot;&quot;},{&quot;image_src&quot;:&quot;https:\\\/\\\/www.greenpeace.ch\\\/static\\\/planet4-switzerland-stateless\\\/2021\\\/09\\\/2cb760d0-gp1svzw6_web_size_with_credit_line.jpg&quot;,&quot;image_srcset&quot;:&quot;https:\\\/\\\/www.greenpeace.ch\\\/static\\\/planet4-switzerland-stateless\\\/2021\\\/09\\\/2cb760d0-gp1svzw6_web_size_with_credit_line.jpg 800w, https:\\\/\\\/www.greenpeace.ch\\\/static\\\/planet4-switzerland-stateless\\\/2021\\\/09\\\/2cb760d0-gp1svzw6_web_size_with_credit_line-300x200.jpg 300w, https:\\\/\\\/www.greenpeace.ch\\\/static\\\/planet4-switzerland-stateless\\\/2021\\\/09\\\/2cb760d0-gp1svzw6_web_size_with_credit_line-768x512.jpg 768w, https:\\\/\\\/www.greenpeace.ch\\\/static\\\/planet4-switzerland-stateless\\\/2021\\\/09\\\/2cb760d0-gp1svzw6_web_size_with_credit_line-510x340.jpg 510w&quot;,&quot;image_sizes&quot;:false,&quot;alt_text&quot;:&quot;&quot;,&quot;caption&quot;:&quot;Das Schweizer Street-Art-Duo QueenKong bei seiner Arbeit in Z\\u00fcrich. Um 50 Jahre Kunst und Aktivismus von Greenpeace zu feiern, malen 10 Strassenk\\u00fcnstler in 10 L\\u00e4ndern der Welt Botschaften der Hoffnung. Wir d\\u00fcrfen vorstellen: die #GreenPieces&quot;,&quot;focus_image&quot;:&quot;&quot;,&quot;credits&quot;:&quot;&quot;}]}}\"><\/div>\n<p>Wir m\u00f6chten, dass jeder, der eines der GreenPieces sieht, inspiriert wird und&nbsp;<\/p>\n\n<ul class=\"is-style-accent-info wp-block-list\"><li>sich an unseren <a href=\"https:\/\/www.greenpeace.ch\/de\/handeln\/\">Kampagnen<\/a> beteiligt<\/li><li>eine <a href=\"https:\/\/www.greenpeace.ch\/de\/handeln\/\">Petition<\/a> unterschreibt<\/li><li><a href=\"https:\/\/www.greenpeace.ch\/de\/handeln\/spenden\/mitglied-werden\/\">Greenpeace-Mitglied<\/a> wird<\/li><li>einen Stift in die Hand nimmt und einen Brief schreibt<\/li><li>einen Pinsel in die Hand nimmt und ein Protestplakat malt und auf die Strasse geht<\/li><li>sich nicht nur von unseren langen und geschichtstr\u00e4chtigen vergangenen 50 Jahren inspirieren l\u00e4sst, sondern die n\u00e4chsten 50 Jahre beeinflusst und gestaltet&#8230;<\/li><\/ul>\n","protected":false},"excerpt":{"rendered":"<p>Kunst, Aktivismus und kreative Auseinandersetzungen sind das Lebenselixier von Greenpeace, manche w\u00fcrden sagen, die Seele von Greenpeace.<\/p>\n","protected":false},"author":89,"featured_media":74302,"comment_status":"closed","ping_status":"closed","sticky":false,"template":"","format":"standard","meta":{"_acf_changed":false,"_planet4_optimize_post_is_variant":false,"_planet4_optimize_experiment_name":"","_planet4_optimize_variant_name":"","ep_exclude_from_search":false,"p4_og_title":"","p4_og_description":"","p4_og_image":"","p4_og_image_id":"","p4_seo_canonical_url":"","p4_campaign_name":"not set","p4_local_project":"not set","p4_basket_name":"not set","p4_department":"","footnotes":""},"categories":[1],"tags":[209],"p4-page-type":[75],"gpch-article-type":[],"class_list":["post-74276","post","type-post","status-publish","format-standard","has-post-thumbnail","hentry","category-unkategorisiert","tag-50years","p4-page-type-story"],"acf":[],"_links":{"self":[{"href":"https:\/\/www.greenpeace.ch\/de\/wp-json\/wp\/v2\/posts\/74276","targetHints":{"allow":["GET"]}}],"collection":[{"href":"https:\/\/www.greenpeace.ch\/de\/wp-json\/wp\/v2\/posts"}],"about":[{"href":"https:\/\/www.greenpeace.ch\/de\/wp-json\/wp\/v2\/types\/post"}],"author":[{"embeddable":true,"href":"https:\/\/www.greenpeace.ch\/de\/wp-json\/wp\/v2\/users\/89"}],"replies":[{"embeddable":true,"href":"https:\/\/www.greenpeace.ch\/de\/wp-json\/wp\/v2\/comments?post=74276"}],"version-history":[{"count":0,"href":"https:\/\/www.greenpeace.ch\/de\/wp-json\/wp\/v2\/posts\/74276\/revisions"}],"wp:featuredmedia":[{"embeddable":true,"href":"https:\/\/www.greenpeace.ch\/de\/wp-json\/wp\/v2\/media\/74302"}],"wp:attachment":[{"href":"https:\/\/www.greenpeace.ch\/de\/wp-json\/wp\/v2\/media?parent=74276"}],"wp:term":[{"taxonomy":"category","embeddable":true,"href":"https:\/\/www.greenpeace.ch\/de\/wp-json\/wp\/v2\/categories?post=74276"},{"taxonomy":"post_tag","embeddable":true,"href":"https:\/\/www.greenpeace.ch\/de\/wp-json\/wp\/v2\/tags?post=74276"},{"taxonomy":"p4-page-type","embeddable":true,"href":"https:\/\/www.greenpeace.ch\/de\/wp-json\/wp\/v2\/p4-page-type?post=74276"},{"taxonomy":"gpch-article-type","embeddable":true,"href":"https:\/\/www.greenpeace.ch\/de\/wp-json\/wp\/v2\/gpch-article-type?post=74276"}],"curies":[{"name":"wp","href":"https:\/\/api.w.org\/{rel}","templated":true}]}}