{"id":7436,"date":"1999-04-27T00:00:00","date_gmt":"1999-04-26T22:00:00","guid":{"rendered":"https:\/\/master.greenpeace.ch\/beitrag\/7436\/bilaterale-abkommen-bundesrat-gibt-alpenschutz-artikel-preis\/"},"modified":"2019-05-30T08:05:46","modified_gmt":"2019-05-30T06:05:46","slug":"bilaterale-abkommen-bundesrat-gibt-alpenschutz-artikel-preis","status":"publish","type":"post","link":"https:\/\/www.greenpeace.ch\/de\/medienmitteilung\/7436\/bilaterale-abkommen-bundesrat-gibt-alpenschutz-artikel-preis\/","title":{"rendered":"Bilaterale Abkommen: Bundesrat gibt Alpenschutz-Artikel preis"},"content":{"rendered":"<p><b>Sieben als Bundesr\u00e4te verkleidete Greenpeace-Aktivistinnen warnten heute mit einer symbolischen Aktion vor dem Bundeshaus gegen die Zerst\u00f6rung des Alpenraums. Denn mit der heute verabschiedeten Botschaft zu den bilateralen Abkommen zeigt der Bundesrat, dass er nur bedingt f\u00fcr eine frist- und sachgerechte Umsetzung des Alpenschutz-Artikels einstehen will. Greenpeace erachtet diese Haltung als sehr bedauerlich und fordert das Parlament auf, den Alpenschutzartikel, der 1994 von den Stimmb\u00fcrgerInnen angenommen wurde, vollumf\u00e4nglich in die Realit\u00e4t umzusetzen.<\/b><\/p>\n<div>\n<p class=\"bodytext\">Bern. Vor rund einem Monat hatte der Bundesrat<br \/>\nseine Vorstellungen pr\u00e4sentiert, wie das f\u00fcr die Umsetzung des<br \/>\nAlpenschutz-Artikels unverdauliche bilaterale Vertragspaket doch<br \/>\nnoch alpenvertr\u00e4glich ausgestaltet werden sollte. Die<br \/>\nbundesr\u00e4tlichen Vorstellungen wurden von den Umweltorganisationen<br \/>\nund einer Arbeitsgruppe der Bundesratsparteien als ungen\u00fcgend<br \/>\nbeurteilt. Sie kritisierten, dass der Bundesrat damit weder die<br \/>\nLastwagenschwemme auf die Schiene bringen noch eine sach- und<br \/>\numweltgerechte Umsetzung des Alpenschutz-Artikels garantieren kann.<br \/>\nUmweltkreise hofften in der Folge, dass der Bundesrat eine<br \/>\nKorrektur vornimmt und sich in seiner Botschaft deutlich zur<br \/>\nAlpen-Initiative bekennt. Mittlerweile hat sich der Bundesrat<br \/>\noffensichtlich wieder an seine eigene Zielsetzung von 650&#8217;000<br \/>\nalpenquerenden Fahrten erinnert. Dies begr\u00fcsst Greenpeace als<br \/>\nSchritt in die richtige Richtung. Trotzdem gen\u00fcgt er noch nicht, um<br \/>\nBev\u00f6lkerung und Umwelt vor den Auswirkungen des Schwerverkehrs zu<br \/>\nsch\u00fctzen &#8211; gem\u00e4ss Alpen-Initiative br\u00e4uchte es dazu eine Reduktion<br \/>\nauf 500&#8217;000 Fahrten bis 2007. Greenpeace bezweifelt &#8211; trotz der<br \/>\nErh\u00f6hung der finanziellen Mittel auf 280 Mio. Franken pro Jahr &#8211;<br \/>\nnach wie vor ernsthaft, dass der Bundesrat hiermit die erw\u00fcnschte<br \/>\nVerlagerung bewerkstelligen kann. Die Umweltverb\u00e4nde hatten einen<br \/>\nFinanzierungsbedarf von 500 Mio. Franken errechnet! Zum Schutz von<br \/>\nMensch und Umwelt fordert Greenpeace deshalb, dass eine<br \/>\nSchutzklausel eingebaut wird, die es erm\u00f6glicht, mehr Geld zur<br \/>\nVerf\u00fcgung zu stellen, sobald sich abzeichnet, dass mit den<br \/>\nvorliegenden Mitteln keine ausreichende Verlagerung erreicht werden<br \/>\nkann. Der Bundesrat zeigt sich zudem nicht willens, die<br \/>\nBegleitmassnahmen vor der Abstimmung \u00fcber das bilaterale Abkommen<br \/>\nverbindlich beschliessen zu lassen. Hiermit zwingt er die<br \/>\nStimmb\u00fcrgerInnen, die Katze im Sack zu kaufen, denn ein Abkommen<br \/>\nohne Begleitmassnahmen bedeutet den sicheren Tod des<br \/>\nAlpenschutz-Artikels. Greenpeace Schweiz wird sich deshalb<br \/>\nweiterhin vehement f\u00fcr eine vollumf\u00e4ngliche Umsetzung des<br \/>\nAlpenschutz-Artikels einsetzen.<\/p>\n<p><strong>Kontakt:<\/strong><\/p>\n<p>Judith Bucher, Verkehrs-Kampagne Greenpeace Schweiz<\/p>\n<p>Tel. 079\/ 400 88 31<\/p>\n<p>Medienabteilung, Greenpeace Schweiz<\/p>\n<p>Tel. 01 \/ 447 41 11<\/p>\n<p>Bilder k\u00f6nnen \u00fcber Keystone und Reuters bezogen werden<\/p>\n<\/div>\n","protected":false},"excerpt":{"rendered":"<p>Sieben als Bundesr\u00e4te verkleidete Greenpeace-Aktivistinnen warnten heute mit einer symbolischen Aktion vor dem Bundeshaus gegen die Zerst\u00f6rung des Alpenraums. Denn mit der heute verabschiedeten Botschaft zu den bilateralen Abkommen zeigt&hellip;<\/p>\n","protected":false},"author":23,"featured_media":0,"comment_status":"closed","ping_status":"open","sticky":false,"template":"","format":"standard","meta":{"_acf_changed":false,"_planet4_optimize_post_is_variant":false,"_planet4_optimize_experiment_name":"","_planet4_optimize_variant_name":"","ep_exclude_from_search":false,"p4_og_title":"","p4_og_description":"","p4_og_image":"","p4_og_image_id":"","p4_seo_canonical_url":"","p4_campaign_name":"","p4_local_project":"","p4_basket_name":"","p4_department":"","footnotes":""},"categories":[1],"tags":[50],"p4-page-type":[71],"gpch-article-type":[],"class_list":["post-7436","post","type-post","status-publish","format-standard","hentry","category-unkategorisiert","tag-klima","p4-page-type-medienmitteilung"],"acf":[],"_links":{"self":[{"href":"https:\/\/www.greenpeace.ch\/de\/wp-json\/wp\/v2\/posts\/7436","targetHints":{"allow":["GET"]}}],"collection":[{"href":"https:\/\/www.greenpeace.ch\/de\/wp-json\/wp\/v2\/posts"}],"about":[{"href":"https:\/\/www.greenpeace.ch\/de\/wp-json\/wp\/v2\/types\/post"}],"author":[{"embeddable":true,"href":"https:\/\/www.greenpeace.ch\/de\/wp-json\/wp\/v2\/users\/23"}],"replies":[{"embeddable":true,"href":"https:\/\/www.greenpeace.ch\/de\/wp-json\/wp\/v2\/comments?post=7436"}],"version-history":[{"count":0,"href":"https:\/\/www.greenpeace.ch\/de\/wp-json\/wp\/v2\/posts\/7436\/revisions"}],"wp:attachment":[{"href":"https:\/\/www.greenpeace.ch\/de\/wp-json\/wp\/v2\/media?parent=7436"}],"wp:term":[{"taxonomy":"category","embeddable":true,"href":"https:\/\/www.greenpeace.ch\/de\/wp-json\/wp\/v2\/categories?post=7436"},{"taxonomy":"post_tag","embeddable":true,"href":"https:\/\/www.greenpeace.ch\/de\/wp-json\/wp\/v2\/tags?post=7436"},{"taxonomy":"p4-page-type","embeddable":true,"href":"https:\/\/www.greenpeace.ch\/de\/wp-json\/wp\/v2\/p4-page-type?post=7436"},{"taxonomy":"gpch-article-type","embeddable":true,"href":"https:\/\/www.greenpeace.ch\/de\/wp-json\/wp\/v2\/gpch-article-type?post=7436"}],"curies":[{"name":"wp","href":"https:\/\/api.w.org\/{rel}","templated":true}]}}