{"id":74540,"date":"2021-09-30T12:14:31","date_gmt":"2021-09-30T10:14:31","guid":{"rendered":"https:\/\/www.greenpeace.ch\/?p=74540"},"modified":"2021-10-04T19:24:20","modified_gmt":"2021-10-04T17:24:20","slug":"prix-climat-innovative-landwirtschaft-fuer-den-planeten","status":"publish","type":"post","link":"https:\/\/www.greenpeace.ch\/de\/story\/74540\/prix-climat-innovative-landwirtschaft-fuer-den-planeten\/","title":{"rendered":"Prix Climat: Innovative Landwirtschaft f\u00fcr den Planeten!"},"content":{"rendered":"\n<p>Seit vielen Jahren kommen die Bauern nur schwer aus den Negativschlagzeilen heraus. Der Einsatz von Pestiziden und D\u00fcngemitteln, Wasserverschmutzung, die Gef\u00e4hrdung der Gesundheit von Landarbeiter:innen und Anwohner:innen, Bienensterben, Intensivzucht, Futterimport, \u00dcberd\u00fcngung von B\u00f6den, Treibhausgasemissionen wie CO2, Methan, Lachgas \u2013 die Liste der Kritikpunkte bez\u00fcglich der Auswirkungen der Landwirtschaft auf die Umwelt scheint kein Ende zu haben.<\/p>\n\n<p>In Wahrheit sitzen die Bauern zwischen zwei St\u00fchlen fest. Einerseits werden sie von einer wachsenden Zahl von B\u00fcrgern und Verbrauchern kritisiert, und sind andererseits auf die Einkaufsstrategien des Einzelhandels angewiesen, bei denen Umweltaspekte oft wirtschaftlichen Zielen untergeordnet werden. Die Schweizer Bauern schliessen sich in Dachverb\u00e4nden, insbesondere dem Schweizerischen Bauernverband, zusammen, deren Arbeit und Kommunikation die Klima- und Biodiversit\u00e4tskrise jedoch nicht wahrnehmen.<\/p>\n\n<p>Seit Jahren gelingt es den Akteur:innen des Schweizer Ern\u00e4hrungssystems jede agrarpolitische Entwicklung zu blockieren. 2021 wurde die Agrarpolitik PA22+ endg\u00fcltig im Parlament begraben und der Schweizerische Bauernverband investierte einen Rekordbetrag in die Kampagne gegen die Agrarinitiativen, welche im Juni zur Volksabstimmung kamen.<\/p>\n\n<p>Diese schwierige Situation verursacht riesiges Durcheinander. Einerseits, weil Landwirte in unserer Gesellschaft eine sehr wichtige Rolle spielen. Sie ern\u00e4hren uns und stehen in unserer Beziehung zur Natur an vorderster Front. Zum anderen, weil die Landwirtschaft einen entscheidenden Beitrag zum Klimaschutz und zur Biodiversit\u00e4t leisten kann. \u00d6kologisch bewirtschaftete Betriebe k\u00f6nnen Schutzgebiete zum Schutz der Biodiversit\u00e4t bieten und helfen den C02-Ausstoss zu senken.<\/p>\n\n<p>Auch wenn die politische Lage derzeit blockiert ist, entscheiden sich trotzdem viele Landwirte weiterzumachen. Sie stellen sich der Herausforderung, das Klima und die Biodiversit\u00e4t zu sch\u00fctzen und entwickeln innovative L\u00f6sungen. Sie erfinden die Produktionsmethoden und die Produkte, die wir essen, neu. Deshalb ist es umso wichtiger, diese Pioniere zu unterst\u00fctzen und ihre Arbeit und ihren Beitrag im Kampf f\u00fcr eine gesunde Umwelt und eine erhaltene Natur hervorzuheben.<\/p>\n\n<p>Das ist das Ziel des <a href=\"https:\/\/www.prixclimat.ch\/\">Klima-Preises<\/a>, den die Klima-Allianz in diesem Jahr ins Leben gerufen hat. Greenpeace Schweiz engagiert sich stark f\u00fcr die Realisierung dieses Projekts und ist Teil der Klima-Allianz. Die Anmeldefrist f\u00fcr die Auszeichnung endete bereits im August 2021. Mit einer Reihe von Videos wollen die Veranstalter nun die Aktivit\u00e4ten dieser innovativen Betriebe beleuchten. Damit das Projekt zustande kommt, hat die Klima-Allianz ein Crowdfunding gestartet. Jeder kann seinen Beitrag leisten, um die Innovationen in der Agrarwelt und das Entstehen einer \u00f6kologischen, nahrhaften, widerstandsf\u00e4higen und tierfreundlichen Landwirtschaft zu unterst\u00fctzen. Das Crowdfunding findet auf Wemakeit statt und ist Teil des ImpactFund 2021 \u2013 das bedeutet, dass bei Erreichen des Ziels von CHF 25&#8217;000 der Betrag verdoppelt wird und das Projekt am Ende CHF 50&#8217;000 erh\u00e4lt.<\/p>\n\n<div class=\"wp-block-buttons is-layout-flex wp-block-buttons-is-layout-flex\">\n<div class=\"wp-block-button is-style-secondary\"><a class=\"wp-block-button__link\" href=\"https:\/\/wemakeit.com\/projects\/prix-climat?locale=de\"><strong>Erfahre mehr \u00fcber das Crowdfunding<\/strong><\/a><\/div>\n<\/div>\n","protected":false},"excerpt":{"rendered":"<p>Seit vielen Jahren kommen die Bauern nur selten aus den Negativschlagzeilen heraus. Der Einsatz von Pestiziden und D\u00fcngemitteln, Wasserverschmutzung, die Gef\u00e4hrdung der Gesundheit von Landarbeiter:innen und Anwohner:innen, Bienensterben, Intensivzucht, Futterimport,&hellip;<\/p>\n","protected":false},"author":99,"featured_media":74546,"comment_status":"closed","ping_status":"closed","sticky":false,"template":"","format":"standard","meta":{"_acf_changed":false,"_planet4_optimize_post_is_variant":false,"_planet4_optimize_experiment_name":"","_planet4_optimize_variant_name":"","ep_exclude_from_search":false,"p4_og_title":"","p4_og_description":"","p4_og_image":"","p4_og_image_id":"","p4_seo_canonical_url":"","p4_campaign_name":"not set","p4_local_project":"not set","p4_basket_name":"not set","p4_department":"","footnotes":""},"categories":[1],"tags":[33],"p4-page-type":[75],"gpch-article-type":[],"class_list":["post-74540","post","type-post","status-publish","format-standard","has-post-thumbnail","hentry","category-unkategorisiert","tag-ernaehrung","p4-page-type-story"],"acf":[],"_links":{"self":[{"href":"https:\/\/www.greenpeace.ch\/de\/wp-json\/wp\/v2\/posts\/74540","targetHints":{"allow":["GET"]}}],"collection":[{"href":"https:\/\/www.greenpeace.ch\/de\/wp-json\/wp\/v2\/posts"}],"about":[{"href":"https:\/\/www.greenpeace.ch\/de\/wp-json\/wp\/v2\/types\/post"}],"author":[{"embeddable":true,"href":"https:\/\/www.greenpeace.ch\/de\/wp-json\/wp\/v2\/users\/99"}],"replies":[{"embeddable":true,"href":"https:\/\/www.greenpeace.ch\/de\/wp-json\/wp\/v2\/comments?post=74540"}],"version-history":[{"count":0,"href":"https:\/\/www.greenpeace.ch\/de\/wp-json\/wp\/v2\/posts\/74540\/revisions"}],"wp:featuredmedia":[{"embeddable":true,"href":"https:\/\/www.greenpeace.ch\/de\/wp-json\/wp\/v2\/media\/74546"}],"wp:attachment":[{"href":"https:\/\/www.greenpeace.ch\/de\/wp-json\/wp\/v2\/media?parent=74540"}],"wp:term":[{"taxonomy":"category","embeddable":true,"href":"https:\/\/www.greenpeace.ch\/de\/wp-json\/wp\/v2\/categories?post=74540"},{"taxonomy":"post_tag","embeddable":true,"href":"https:\/\/www.greenpeace.ch\/de\/wp-json\/wp\/v2\/tags?post=74540"},{"taxonomy":"p4-page-type","embeddable":true,"href":"https:\/\/www.greenpeace.ch\/de\/wp-json\/wp\/v2\/p4-page-type?post=74540"},{"taxonomy":"gpch-article-type","embeddable":true,"href":"https:\/\/www.greenpeace.ch\/de\/wp-json\/wp\/v2\/gpch-article-type?post=74540"}],"curies":[{"name":"wp","href":"https:\/\/api.w.org\/{rel}","templated":true}]}}