{"id":7502,"date":"1998-10-18T00:00:00","date_gmt":"1998-10-17T22:00:00","guid":{"rendered":"https:\/\/master.greenpeace.ch\/beitrag\/7502\/arktis-das-verschwinden-der-karibus-folge-des-klimawandels\/"},"modified":"2019-05-30T08:07:32","modified_gmt":"2019-05-30T06:07:32","slug":"arktis-das-verschwinden-der-karibus-folge-des-klimawandels","status":"publish","type":"post","link":"https:\/\/www.greenpeace.ch\/de\/medienmitteilung\/7502\/arktis-das-verschwinden-der-karibus-folge-des-klimawandels\/","title":{"rendered":"Arktis: Das Verschwinden der Karibus &#8211; Folge des Klimawandels"},"content":{"rendered":"<p><b>Karibus, die arktischen Wildrener, sind vom Aussterben bedroht. Nach neuesten Untersuchungen kanadischer Wissenschaftler ist der dramatische R\u00fcckgang der Karibu-Population in der westlichen Arktis auf ver\u00e4nderte Wetterbedingungen zur\u00fcckzuf\u00fchren, deren Ursache aller Wahrscheinlichkeit nach die globale Erw\u00e4rmung ist.<\/b><\/p>\n<div>\n<p>London. Der n\u00e4chste Winter k\u00f6nnte das Aus f\u00fcr die letzten<br \/>\nKaribus bedeuten. Bedroht sind vor allem die Peary Karibus auf den<br \/>\nwestlichen arktischen Inseln, erkl\u00e4rte Dr. Ann Gunn. Die Biologin<br \/>\ngeh\u00f6rt einem Wissenschaftler-Team an, das im Auftrag der<br \/>\nkanadischen Verwaltung der Northwest Territories die Population<br \/>\ndieser Hirschart seit Jahrzehnten untersucht. Danach hat sich deren<br \/>\nBestand innerhalb der vergangenen 35 Jahre um 95 Prozent reduziert.<br \/>\n1961 z\u00e4hlten Wissenschaftler noch 24&#8217;320 Tiere, 1997 nur noch<br \/>\n1&#8217;100. Die Ursache des drohenden Artentods sieht Dr. Gunn in den<br \/>\n\u00fcberdurchschnittlich w\u00e4rmeren Wintern, die seit mehreren Jahren in<br \/>\nden arktischen Regionen Alaskas und Kanadas zu beoachten sind: &#171;Die<br \/>\nWinter sind w\u00e4rmer. Statt eisiger, trockener K\u00e4lte gibt es<br \/>\nvermehrten Schneefall und heftige Winde. Die Suche nach Futter wird<br \/>\nf\u00fcr die Karibus damit aufwendiger. Das St\u00f6bern nach Str\u00e4uchern und<br \/>\nGr\u00e4sern unter den teilweise meterhohen Schneeverwehungen verbraucht<br \/>\nviel Energie &#8211; zuviel f\u00fcr die Karibus. Sie verhungern.&#187; &#171;Das<br \/>\nVerschwinden der Karibus geh\u00f6rt sehr wahrscheinlich zu den<br \/>\ntraurigen Folgen eines menschengemachten Klimawandels. Und nicht<br \/>\nnur die Rener &#8211; die gesamte arktische Flora und Fauna ist bedroht&#187;,<br \/>\nerkl\u00e4rte Greenpeacer Dan Ritzman. Klimawissenschaftler haben in der<br \/>\nArktis drei wichtige Anzeichen f\u00fcr Klimaver\u00e4nderungen<br \/>\nbeobachtet:<\/p>\n<p>Permafrost-Regionen tauen ab: Die Permafrost-Grenze in Kanada<br \/>\nist w\u00e4hrend des letzten Jahrhunderts um ca. 100 Kilometer nach<br \/>\nNorden gewandert.<\/p>\n<p>Die Widerstandsf\u00e4higkeit der borealen W\u00e4lder nimmt ab, die<br \/>\nAnf\u00e4lligkeit z.B. f\u00fcr Insektenplagen wird gr\u00f6sser.<\/p>\n<p>Eismassen schmelzen: Die Fl\u00e4che der Frontalregion des<br \/>\nBering-Gletschers beispielsweise hat sich seit Anfang dieses<br \/>\nJahrhunderts um ca. 130 km2 verkleinert.<\/p>\n<p><strong>Kontakt:<\/strong><\/p>\n<p>Greenpeace International<\/p>\n<p><a href=\"http:\/\/www.greenpeace.org\" title=\"\u00d6ffnet einen externen Link in einem neuen Fenster\" target=\"_blank\" rel=\"noopener noreferrer\">http:\/\/www.greenpeace.org<\/a><\/p>\n<\/div>\n","protected":false},"excerpt":{"rendered":"<p>Karibus, die arktischen Wildrener, sind vom Aussterben bedroht. Nach neuesten Untersuchungen kanadischer Wissenschaftler ist der dramatische R\u00fcckgang der Karibu-Population in der westlichen Arktis auf ver\u00e4nderte Wetterbedingungen zur\u00fcckzuf\u00fchren, deren Ursache aller&hellip;<\/p>\n","protected":false},"author":23,"featured_media":0,"comment_status":"closed","ping_status":"open","sticky":false,"template":"","format":"standard","meta":{"_acf_changed":false,"_planet4_optimize_post_is_variant":false,"_planet4_optimize_experiment_name":"","_planet4_optimize_variant_name":"","ep_exclude_from_search":false,"p4_og_title":"","p4_og_description":"","p4_og_image":"","p4_og_image_id":"","p4_seo_canonical_url":"","p4_campaign_name":"","p4_local_project":"","p4_basket_name":"","p4_department":"","footnotes":""},"categories":[1],"tags":[50],"p4-page-type":[71],"gpch-article-type":[],"class_list":["post-7502","post","type-post","status-publish","format-standard","hentry","category-unkategorisiert","tag-klima","p4-page-type-medienmitteilung"],"acf":[],"_links":{"self":[{"href":"https:\/\/www.greenpeace.ch\/de\/wp-json\/wp\/v2\/posts\/7502","targetHints":{"allow":["GET"]}}],"collection":[{"href":"https:\/\/www.greenpeace.ch\/de\/wp-json\/wp\/v2\/posts"}],"about":[{"href":"https:\/\/www.greenpeace.ch\/de\/wp-json\/wp\/v2\/types\/post"}],"author":[{"embeddable":true,"href":"https:\/\/www.greenpeace.ch\/de\/wp-json\/wp\/v2\/users\/23"}],"replies":[{"embeddable":true,"href":"https:\/\/www.greenpeace.ch\/de\/wp-json\/wp\/v2\/comments?post=7502"}],"version-history":[{"count":0,"href":"https:\/\/www.greenpeace.ch\/de\/wp-json\/wp\/v2\/posts\/7502\/revisions"}],"wp:attachment":[{"href":"https:\/\/www.greenpeace.ch\/de\/wp-json\/wp\/v2\/media?parent=7502"}],"wp:term":[{"taxonomy":"category","embeddable":true,"href":"https:\/\/www.greenpeace.ch\/de\/wp-json\/wp\/v2\/categories?post=7502"},{"taxonomy":"post_tag","embeddable":true,"href":"https:\/\/www.greenpeace.ch\/de\/wp-json\/wp\/v2\/tags?post=7502"},{"taxonomy":"p4-page-type","embeddable":true,"href":"https:\/\/www.greenpeace.ch\/de\/wp-json\/wp\/v2\/p4-page-type?post=7502"},{"taxonomy":"gpch-article-type","embeddable":true,"href":"https:\/\/www.greenpeace.ch\/de\/wp-json\/wp\/v2\/gpch-article-type?post=7502"}],"curies":[{"name":"wp","href":"https:\/\/api.w.org\/{rel}","templated":true}]}}