{"id":75078,"date":"2021-10-15T10:30:00","date_gmt":"2021-10-15T08:30:00","guid":{"rendered":"https:\/\/www.greenpeace.ch\/?p=75078"},"modified":"2025-05-05T12:05:51","modified_gmt":"2025-05-05T10:05:51","slug":"amazonas-expedition-die-harte-realitaet-derer-die-in-der-naehe-der-braende-leben","status":"publish","type":"post","link":"https:\/\/www.greenpeace.ch\/de\/story\/75078\/amazonas-expedition-die-harte-realitaet-derer-die-in-der-naehe-der-braende-leben\/","title":{"rendered":"Amazonas-Expedition: Die harte Realit\u00e4t derer, die in der N\u00e4he der Br\u00e4nde leben"},"content":{"rendered":"\n<p><strong>Die Br\u00e4nde und die Abholzung im Amazonasgebiet haben verheerende Auswirkungen auf den Wald, die Artenvielfalt und das globale Klima. Wir sehen regelm\u00e4ssig Nachrichten, Artikel und Dokumentarfilme dar\u00fcber. Aber es wird wenig dar\u00fcber berichtet, wie sich die Zerst\u00f6rung auf das Leben der Menschen in der Region auswirkt. F\u00fcr mich gibt es keine bereichernde Erfahrung, als vor Ort zu sein, mit diesen Menschen zu sprechen und von ihrer &#8211; manchmal sehr harten &#8211; Realit\u00e4t zu h\u00f6ren.<\/strong><\/p>\n\n<figure class=\"wp-block-image size-full\"><img loading=\"lazy\" decoding=\"async\" width=\"1024\" height=\"683\" src=\"https:\/\/www.greenpeace.ch\/static\/planet4-switzerland-stateless\/2021\/10\/c3db8796-a\u0301rea-queimada-ramal-km-12_la\u0301brea_nilmar-lage-14-1024x683-1.jpeg\" alt=\"\" class=\"wp-image-75081\" srcset=\"https:\/\/www.greenpeace.ch\/static\/planet4-switzerland-stateless\/2021\/10\/c3db8796-a\u0301rea-queimada-ramal-km-12_la\u0301brea_nilmar-lage-14-1024x683-1.jpeg 1024w, https:\/\/www.greenpeace.ch\/static\/planet4-switzerland-stateless\/2021\/10\/c3db8796-a\u0301rea-queimada-ramal-km-12_la\u0301brea_nilmar-lage-14-1024x683-1-300x200.jpeg 300w, https:\/\/www.greenpeace.ch\/static\/planet4-switzerland-stateless\/2021\/10\/c3db8796-a\u0301rea-queimada-ramal-km-12_la\u0301brea_nilmar-lage-14-1024x683-1-768x512.jpeg 768w, https:\/\/www.greenpeace.ch\/static\/planet4-switzerland-stateless\/2021\/10\/c3db8796-a\u0301rea-queimada-ramal-km-12_la\u0301brea_nilmar-lage-14-1024x683-1-510x340.jpeg 510w\" sizes=\"auto, (max-width: 1024px) 100vw, 1024px\" \/><figcaption>Cristiane Mazzetti, Kampagnenleiterin von Greenpeace Brasilien, geht durch ein k\u00fcrzlich abgebranntes Gebiet im s\u00fcdlichen Amazonasgebiet. <strong>\u00a9<\/strong> Nilmar Lage \/ Greenpeace<\/figcaption><\/figure>\n\n<p>Eine Woche lang reiste ich mit einem Team von Greenpeace Brasilien in einige Gemeinden im Amazonasgebiet, um die von Bolsonaros Regierung erm\u00f6glichten Verw\u00fcstungen in der Region zu dokumentieren.<\/p>\n\n<p>Wir begannen unsere Reise in Porto Velho. An dem Tag, an dem wir ankamen, hatte die Stadt gerade den ersten gr\u00f6sseren Regen seit mehreren Wochen abbekommen. &#171;Letzte Woche konnten wir nicht einmal den Himmel sehen, jetzt k\u00f6nnen wir ihn sehen, weil es letzte Woche geregnet hat&#187;, sagten die Bewohner der Stadt. Der Rauch, der die Bewohner der Stadt daran hindert, den Himmel zu sehen und gute Luft zu atmen, ist einer der Gr\u00fcnde, warum wir dort waren.<\/p>\n\n<figure class=\"wp-block-image size-full\"><img loading=\"lazy\" decoding=\"async\" width=\"1024\" height=\"767\" src=\"https:\/\/www.greenpeace.ch\/static\/planet4-switzerland-stateless\/2021\/10\/d11e227d-rio-madeira-queimada-ao-fundo_porto-velho_nilmar-lage-1024x767-1.jpeg\" alt=\"\" class=\"wp-image-75085\" srcset=\"https:\/\/www.greenpeace.ch\/static\/planet4-switzerland-stateless\/2021\/10\/d11e227d-rio-madeira-queimada-ao-fundo_porto-velho_nilmar-lage-1024x767-1.jpeg 1024w, https:\/\/www.greenpeace.ch\/static\/planet4-switzerland-stateless\/2021\/10\/d11e227d-rio-madeira-queimada-ao-fundo_porto-velho_nilmar-lage-1024x767-1-300x225.jpeg 300w, https:\/\/www.greenpeace.ch\/static\/planet4-switzerland-stateless\/2021\/10\/d11e227d-rio-madeira-queimada-ao-fundo_porto-velho_nilmar-lage-1024x767-1-768x575.jpeg 768w, https:\/\/www.greenpeace.ch\/static\/planet4-switzerland-stateless\/2021\/10\/d11e227d-rio-madeira-queimada-ao-fundo_porto-velho_nilmar-lage-1024x767-1-454x340.jpeg 454w\" sizes=\"auto, (max-width: 1024px) 100vw, 1024px\" \/><figcaption>In der Ferne, in der N\u00e4he der Stadt Porto Velho, ist ein Feuer zu sehen. Zu dieser Jahreszeit ist die Skyline der Stadt in der Regel mit Rauch von den Br\u00e4nden im Amazonasgebiet bedeckt. \u00a9 Nilmar Lage \/ Greenpeace<\/figcaption><\/figure>\n\n<p>Bei unserem Besuch in Porto Velho wollten wir herausfinden, wie sich die Br\u00e4nde auf die Gesundheit und das Wohlbefinden der Menschen auswirken. Wir befragten Forscher des Forschungsinstituts f\u00fcr \u00f6ffentliche Gesundheit Fiocruz, die staatliche Gesundheits\u00fcberwachungsbeh\u00f6rde Agevisa und einen Arzt des \u00f6rtlichen Kinderkrankenhauses. Sie alle betonten, dass Br\u00e4nde die Gesundheit der Bev\u00f6lkerung beeintr\u00e4chtigen, insbesondere von Kindern und \u00e4lteren Menschen, die besonders gef\u00e4hrdet sind. Sie wiesen aber auch darauf hin, dass der Rauch nicht nur die Anwohner in der N\u00e4he der Br\u00e4nde beeintr\u00e4chtigt, sondern auch weit entfernte Menschen, da die Verschmutzung mit dem Wind weitergetragen wird.<\/p>\n\n<p>Jeder Einwohner von Porto Velho spricht \u00fcber den Rauch, der die Stadt jedes Jahr bedeckt. In den wenigen Tagen, die wir dort waren, sahen wir trotz des Regens Br\u00e4nde ganz in der N\u00e4he der Stadt, und die Luft war immer noch sehr trocken. Ich konnte nicht aufh\u00f6ren, dar\u00fcber nachzudenken, wie unvorstellbar das ist: eine so niedrige Luftfeuchtigkeit in einer Stadt direkt neben dem Regenwald.<\/p>\n<div class=\"action-divider\">\n\t\t\t<p class=\"action-divider-text\"><span class=\"dashicons-before no-icon\"><\/span> Hilf uns mit einer Wald-Patenschaft dabei, den Amazonas zu sch\u00fctzen und die Lebensbedingungen der Bev\u00f6lkerung in Brasilien zu verbessern!<\/p>\n\t\t<div class=\"wp-block-buttons is-content-justification-center is-layout-flex wp-container-core-buttons-is-layout-1 wp-block-buttons-is-layout-flex\">\n\t\t\t<div class=\"wp-block-button is-style-cta\"><a class=\"wp-block-button__link wp-element-button\" href=\"https:\/\/www.greenpeace.ch\/de\/handeln\/spenden\/patenschaft\/patenschaft-urwald\/\" target=\"_self\">Patenschaft abschliessen<\/a><\/div>\n\t\t<\/div>\n\t<\/div>\n","protected":false},"excerpt":{"rendered":"<p>Die Br\u00e4nde und die Abholzung im Amazonasgebiet haben verheerende Auswirkungen auf den Wald, die Artenvielfalt und das globale Klima. Aber auch auf die Menschen, die in der N\u00e4he der Br\u00e4nde leben. <\/p>\n","protected":false},"author":89,"featured_media":75095,"comment_status":"closed","ping_status":"closed","sticky":false,"template":"","format":"standard","meta":{"_acf_changed":false,"_planet4_optimize_post_is_variant":false,"_planet4_optimize_experiment_name":"","_planet4_optimize_variant_name":"","ep_exclude_from_search":false,"p4_og_title":"","p4_og_description":"","p4_og_image":"","p4_og_image_id":"","p4_seo_canonical_url":"","p4_campaign_name":"not set","p4_local_project":"not set","p4_basket_name":"not set","p4_department":"","footnotes":""},"categories":[1],"tags":[40],"p4-page-type":[75],"gpch-article-type":[],"class_list":["post-75078","post","type-post","status-publish","format-standard","has-post-thumbnail","hentry","category-unkategorisiert","tag-wald","p4-page-type-story"],"acf":[],"_links":{"self":[{"href":"https:\/\/www.greenpeace.ch\/de\/wp-json\/wp\/v2\/posts\/75078","targetHints":{"allow":["GET"]}}],"collection":[{"href":"https:\/\/www.greenpeace.ch\/de\/wp-json\/wp\/v2\/posts"}],"about":[{"href":"https:\/\/www.greenpeace.ch\/de\/wp-json\/wp\/v2\/types\/post"}],"author":[{"embeddable":true,"href":"https:\/\/www.greenpeace.ch\/de\/wp-json\/wp\/v2\/users\/89"}],"replies":[{"embeddable":true,"href":"https:\/\/www.greenpeace.ch\/de\/wp-json\/wp\/v2\/comments?post=75078"}],"version-history":[{"count":1,"href":"https:\/\/www.greenpeace.ch\/de\/wp-json\/wp\/v2\/posts\/75078\/revisions"}],"predecessor-version":[{"id":119833,"href":"https:\/\/www.greenpeace.ch\/de\/wp-json\/wp\/v2\/posts\/75078\/revisions\/119833"}],"wp:featuredmedia":[{"embeddable":true,"href":"https:\/\/www.greenpeace.ch\/de\/wp-json\/wp\/v2\/media\/75095"}],"wp:attachment":[{"href":"https:\/\/www.greenpeace.ch\/de\/wp-json\/wp\/v2\/media?parent=75078"}],"wp:term":[{"taxonomy":"category","embeddable":true,"href":"https:\/\/www.greenpeace.ch\/de\/wp-json\/wp\/v2\/categories?post=75078"},{"taxonomy":"post_tag","embeddable":true,"href":"https:\/\/www.greenpeace.ch\/de\/wp-json\/wp\/v2\/tags?post=75078"},{"taxonomy":"p4-page-type","embeddable":true,"href":"https:\/\/www.greenpeace.ch\/de\/wp-json\/wp\/v2\/p4-page-type?post=75078"},{"taxonomy":"gpch-article-type","embeddable":true,"href":"https:\/\/www.greenpeace.ch\/de\/wp-json\/wp\/v2\/gpch-article-type?post=75078"}],"curies":[{"name":"wp","href":"https:\/\/api.w.org\/{rel}","templated":true}]}}