{"id":7512,"date":"1998-09-26T00:00:00","date_gmt":"1998-09-25T22:00:00","guid":{"rendered":"https:\/\/master.greenpeace.ch\/beitrag\/7512\/sieg-der-vernunft-stimmbuergerinnen-befuerworten-die-lsva\/"},"modified":"2019-05-30T08:07:49","modified_gmt":"2019-05-30T06:07:49","slug":"sieg-der-vernunft-stimmbuergerinnen-befuerworten-die-lsva","status":"publish","type":"post","link":"https:\/\/www.greenpeace.ch\/de\/medienmitteilung\/7512\/sieg-der-vernunft-stimmbuergerinnen-befuerworten-die-lsva\/","title":{"rendered":"Sieg der Vernunft: Stimmb\u00fcrgerInnen bef\u00fcrworten die LSVA!"},"content":{"rendered":"<p><b>Greenpeace Schweiz begr\u00fcsst den Ausgang der Abstimmung. Das Schweizer Stimmvolk hat sich von den Horrorszenarien der Lastwagen-Lobby nicht \u00fcberrollen lassen und an diesem Abstimmungswochenende f\u00fcr den Alpenschutz und die Verlagerung des Schwerverkehrs entschieden. Die AnwohnerInnen von Transitstrecken wie auch kommende Generationen werden diesen Entscheid im Namen von mehr Sicherheit, weniger L\u00e4rm und besserer Luft zu danken wissen.<\/b><\/p>\n<div>\n<p class=\"bodytext\"><span class=\"date\">Bern. <\/span><span class=\"text\"> Mit einem klaren Ja hat sich der Souver\u00e4n f\u00fcr die leistungsabh\u00e4ngige Schwerverkehrsabgabe entschieden. Damit k\u00f6nnen die bereits in mehreren Abstimmungen best\u00e4tigten Verfassungsartikel zur Verkehrsverlagerung und zum Alpenschutz endlich in Angriff genommen werden. Die Schweiz darf stolz auf sich sein: als erstes europ\u00e4isches Land verwirklicht sie ansatzweise die Kostenwahrheit im strassenseitigen G\u00fcterverkehr. Dies ist ein erster, wichtiger Schritt zur Realisierung des vielgelobten, jedoch in der Schweiz bis anhin nur z\u00f6gerlich umgesetzten Verursacherprinzips. Greenpeace Schweiz fordert den Bundesrat auf, nach dem Ja zur LSVA, die Umsetzung des Alpenschutzartikels rasch und v.a. unabh\u00e4ngig von den bilateralen Verhandlungen voranzutreiben.<\/p>\n<p>                               <\/span><br \/>\n<span class=\"text\"><strong>Kontakt:<\/strong><br \/>   Judith Bucher, Koordinatorin Verkehrs-Kampagne Greenpeace Schweiz 01\/ 447 41 41<br \/><\/span><\/p>\n<\/div>\n","protected":false},"excerpt":{"rendered":"<p>Greenpeace Schweiz begr\u00fcsst den Ausgang der Abstimmung. Das Schweizer Stimmvolk hat sich von den Horrorszenarien der Lastwagen-Lobby nicht \u00fcberrollen lassen und an diesem Abstimmungswochenende f\u00fcr den Alpenschutz und die Verlagerung&hellip;<\/p>\n","protected":false},"author":23,"featured_media":0,"comment_status":"closed","ping_status":"open","sticky":false,"template":"","format":"standard","meta":{"_acf_changed":false,"_planet4_optimize_post_is_variant":false,"_planet4_optimize_experiment_name":"","_planet4_optimize_variant_name":"","ep_exclude_from_search":false,"p4_og_title":"","p4_og_description":"","p4_og_image":"","p4_og_image_id":"","p4_seo_canonical_url":"","p4_campaign_name":"","p4_local_project":"","p4_basket_name":"","p4_department":"","footnotes":""},"categories":[1],"tags":[50],"p4-page-type":[71],"gpch-article-type":[],"class_list":["post-7512","post","type-post","status-publish","format-standard","hentry","category-unkategorisiert","tag-klima","p4-page-type-medienmitteilung"],"acf":[],"_links":{"self":[{"href":"https:\/\/www.greenpeace.ch\/de\/wp-json\/wp\/v2\/posts\/7512","targetHints":{"allow":["GET"]}}],"collection":[{"href":"https:\/\/www.greenpeace.ch\/de\/wp-json\/wp\/v2\/posts"}],"about":[{"href":"https:\/\/www.greenpeace.ch\/de\/wp-json\/wp\/v2\/types\/post"}],"author":[{"embeddable":true,"href":"https:\/\/www.greenpeace.ch\/de\/wp-json\/wp\/v2\/users\/23"}],"replies":[{"embeddable":true,"href":"https:\/\/www.greenpeace.ch\/de\/wp-json\/wp\/v2\/comments?post=7512"}],"version-history":[{"count":0,"href":"https:\/\/www.greenpeace.ch\/de\/wp-json\/wp\/v2\/posts\/7512\/revisions"}],"wp:attachment":[{"href":"https:\/\/www.greenpeace.ch\/de\/wp-json\/wp\/v2\/media?parent=7512"}],"wp:term":[{"taxonomy":"category","embeddable":true,"href":"https:\/\/www.greenpeace.ch\/de\/wp-json\/wp\/v2\/categories?post=7512"},{"taxonomy":"post_tag","embeddable":true,"href":"https:\/\/www.greenpeace.ch\/de\/wp-json\/wp\/v2\/tags?post=7512"},{"taxonomy":"p4-page-type","embeddable":true,"href":"https:\/\/www.greenpeace.ch\/de\/wp-json\/wp\/v2\/p4-page-type?post=7512"},{"taxonomy":"gpch-article-type","embeddable":true,"href":"https:\/\/www.greenpeace.ch\/de\/wp-json\/wp\/v2\/gpch-article-type?post=7512"}],"curies":[{"name":"wp","href":"https:\/\/api.w.org\/{rel}","templated":true}]}}