{"id":7536,"date":"1998-08-11T00:00:00","date_gmt":"1998-08-10T22:00:00","guid":{"rendered":"https:\/\/master.greenpeace.ch\/beitrag\/7536\/arktis-alaskas-ureinwohner-als-kronzeugen-fuer-den-klimawandel\/"},"modified":"2019-05-30T08:08:28","modified_gmt":"2019-05-30T06:08:28","slug":"arktis-alaskas-ureinwohner-als-kronzeugen-fuer-den-klimawandel","status":"publish","type":"post","link":"https:\/\/www.greenpeace.ch\/de\/medienmitteilung\/7536\/arktis-alaskas-ureinwohner-als-kronzeugen-fuer-den-klimawandel\/","title":{"rendered":"Arktis: Alaskas Ureinwohner als Kronzeugen f\u00fcr den Klimawandel"},"content":{"rendered":"<p><b>Das Eis wird d\u00fcnner, der Fr\u00fchling beginnt vorzeitig, Insekten und andere Tierarten wandern von S\u00fcden her ein &#8211; diese und andere Vorboten des weltweiten Klimawandels beschreiben Ureinwohner Alaskas in einem Bericht, den Greenpeace am Dienstag in Washington vorlegte.<\/b><\/p>\n<div>\n<p class=\"bodytext\"><span class=\"date\">Z\u00fcrich. <\/span><span class=\"text\"> Zwei Jahre lang haben Greenpeacer und Vertreter der in Alaska ans\u00e4ssigen Organisation &#171;Arctic Network&#187; die pers\u00f6nlichen Zeugnisse der Ureinwohner gesammelt und ausgewertet &#8211; wie das von John Kulowiyi aus Savoonga: &#171;Als ich j\u00fcnger war, sind wir immer aufs Eigegangen. Es war wirklich fest. Aber mit den Jahren ist das Eis d\u00fcnner und d\u00fcnner geworden.&#187; Kulowiyi weiter: &#171;Es regnet jetzt weniger. Wir hatten fr\u00fcher immer eine Menge Regen zwischen Mai und August.&#187; Gibson Moto aus Deering best\u00e4tigt dies: &#171;Die Tundra ist trockener wegen des fehlenden Regens. Je weiter man von Deering aus in die H\u00fcgel hineingeht, desto gr\u00f6sser werden die Risse.&#187; Einige Seen seien bereits ganz verschwunden. Der Report &#171;Answers from the Ice Edge&#187; (Antworten vom Rand des Eises) stellt die Aussagen der Ureinwohner Beobachtungen von Wissenschaftlern gegen\u00fcber. Klimaforscher und Bewohner Alaskas sind sich einig: Die Arktis erf\u00e4hrt bereits die Auswirkungen der weltweiten Erw\u00e4rmung. Sie vollzieht sich in der \u00f6kologisch sensiblen Region drei- bis f\u00fcnfmal schneller als im globalen Durchschnitt. &#171;Der Juli war der heisseste Monat seit Beginn der Klimaaufzeichnungen&#187;, so Kalee Kreider von Greenpeace USA. &#171;Trotz aller Belege f\u00fcr die Erderw\u00e4rmung und deren Folgen f\u00fcr Alaska und andere Teile der Welt hat die Regierung Clinton letzte Woche entschieden, einen riesigen Teil der Wildnis Alaskas der Erschliessung neuer \u00d6lfelder zu opfern.&#187; \u00dcbrigens: Das Greenpeace-Schiff Arctic Sunrise ist zur Zeit in der Arktis unterwegs, um den Klimawandel zu dokumentieren.<\/p>\n<p>                               <\/span><br \/>\n<span class=\"text\"><strong>Kontakt:<\/strong><br \/>   Greenpeace International<br \/><\/span><\/p>\n<p><span class=\"linkliste\">                                                                                                                                               <a href=\"http:\/\/www.greenpeace.org\" title=\"\u00d6ffnet einen externen Link in einem neuen Fenster\" target=\"_blank\" rel=\"noopener noreferrer\">http:\/\/www.greenpeace.org<\/a><\/span><\/p>\n<\/div>\n","protected":false},"excerpt":{"rendered":"<p>Das Eis wird d\u00fcnner, der Fr\u00fchling beginnt vorzeitig, Insekten und andere Tierarten wandern von S\u00fcden her ein &#8211; diese und andere Vorboten des weltweiten Klimawandels beschreiben Ureinwohner Alaskas in einem&hellip;<\/p>\n","protected":false},"author":23,"featured_media":0,"comment_status":"closed","ping_status":"open","sticky":false,"template":"","format":"standard","meta":{"_acf_changed":false,"_planet4_optimize_post_is_variant":false,"_planet4_optimize_experiment_name":"","_planet4_optimize_variant_name":"","ep_exclude_from_search":false,"p4_og_title":"","p4_og_description":"","p4_og_image":"","p4_og_image_id":"","p4_seo_canonical_url":"","p4_campaign_name":"","p4_local_project":"","p4_basket_name":"","p4_department":"","footnotes":""},"categories":[1],"tags":[50],"p4-page-type":[71],"gpch-article-type":[],"class_list":["post-7536","post","type-post","status-publish","format-standard","hentry","category-unkategorisiert","tag-klima","p4-page-type-medienmitteilung"],"acf":[],"_links":{"self":[{"href":"https:\/\/www.greenpeace.ch\/de\/wp-json\/wp\/v2\/posts\/7536","targetHints":{"allow":["GET"]}}],"collection":[{"href":"https:\/\/www.greenpeace.ch\/de\/wp-json\/wp\/v2\/posts"}],"about":[{"href":"https:\/\/www.greenpeace.ch\/de\/wp-json\/wp\/v2\/types\/post"}],"author":[{"embeddable":true,"href":"https:\/\/www.greenpeace.ch\/de\/wp-json\/wp\/v2\/users\/23"}],"replies":[{"embeddable":true,"href":"https:\/\/www.greenpeace.ch\/de\/wp-json\/wp\/v2\/comments?post=7536"}],"version-history":[{"count":0,"href":"https:\/\/www.greenpeace.ch\/de\/wp-json\/wp\/v2\/posts\/7536\/revisions"}],"wp:attachment":[{"href":"https:\/\/www.greenpeace.ch\/de\/wp-json\/wp\/v2\/media?parent=7536"}],"wp:term":[{"taxonomy":"category","embeddable":true,"href":"https:\/\/www.greenpeace.ch\/de\/wp-json\/wp\/v2\/categories?post=7536"},{"taxonomy":"post_tag","embeddable":true,"href":"https:\/\/www.greenpeace.ch\/de\/wp-json\/wp\/v2\/tags?post=7536"},{"taxonomy":"p4-page-type","embeddable":true,"href":"https:\/\/www.greenpeace.ch\/de\/wp-json\/wp\/v2\/p4-page-type?post=7536"},{"taxonomy":"gpch-article-type","embeddable":true,"href":"https:\/\/www.greenpeace.ch\/de\/wp-json\/wp\/v2\/gpch-article-type?post=7536"}],"curies":[{"name":"wp","href":"https:\/\/api.w.org\/{rel}","templated":true}]}}