{"id":76910,"date":"2021-11-13T19:51:26","date_gmt":"2021-11-13T18:51:26","guid":{"rendered":"https:\/\/www.greenpeace.ch\/?p=76910"},"modified":"2021-11-15T12:14:18","modified_gmt":"2021-11-15T11:14:18","slug":"cop26-schweiz-spielt-zweifelhafte-rolle","status":"publish","type":"post","link":"https:\/\/www.greenpeace.ch\/de\/medienmitteilung\/76910\/cop26-schweiz-spielt-zweifelhafte-rolle\/","title":{"rendered":"COP26: Schweiz spielt zweifelhafte Rolle"},"content":{"rendered":"\n<p><strong>Bundespr\u00e4sident Guy Parmelin hatte an der UNO-Weltklimakonferenz COP26 in Glasgow alle L\u00e4nder zu mehr Klimaschutz aufgerufen und die Schweiz als Klimaschutz-Vorreiterin pr\u00e4sentiert. Doch nach zwei Wochen Verhandlungen bleiben von der Schweiz kaum mehr als sch\u00f6ne und eindringliche Worte.&nbsp;<\/strong><\/p>\n\n<p><strong>Georg Klingler, Klimaexperte bei Greenpeace Schweiz:<\/strong> \u00abDie Schweiz hat w\u00e4hrend der Klimakonferenz keine einzige Massnahme pr\u00e4sentiert, um im Inland den CO2-Ausstoss deutlich zu senken. Stattdessen br\u00fcstet sich Bundesr\u00e4tin Simonetta Sommaruga mit der Unterzeichnung weiterer Abkommen mit Staaten des Globalen S\u00fcdens, damit die Schweiz CO2 im Ausland kompensieren kann. Sich dann als Klimaschutz-Vorreiterin zu gebaren und zu behaupten, die Schweiz sei auf dem Pfad des Pariser Klimaabkommens, ist irref\u00fchrend.\u00bb\u00a0<\/p>\n\n<p>\u00abSolange die Auslandkompensationen dazu genutzt werden, die Schweizer Klimabilanz sch\u00f6n zu rechnen, zementieren wir damit unseren zerst\u00f6rerischen Lebensstil mit viel zu hohen Emissionen. Je l\u00e4nger wir wirkungsvolle Klimaschutzmassnahmen im eigenen Land hinausz\u00f6gern, desto teurer und schwieriger wird es.\u00bb<\/p>\n\n<p>\u00abZur zweifelhaften Rolle der Schweiz in Glasgow passt, dass unser Land darauf verzichtet hat, die Ausstiegsverpflichtung f\u00fcr Verbrennermotoren zu unterzeichnen. Wir vermissen zudem Vorschl\u00e4ge, wie der Bundesrat den Schweizer Finanzplatz klimafreundlich machen will. Und es fehlen von der reichen Schweiz Zusagen, \u00e4rmere L\u00e4nder bei der Bew\u00e4ltigung der Klimafolgen st\u00e4rker zu unterst\u00fctzen. Das z\u00f6gerliche Verhalten des Bundesrats zeigt, dass er noch immer die grosse Verantwortung der Schweiz bei der L\u00f6sung der Klimakrise leugnet.\u00bb<\/p>\n\n<p>\u00abUm tats\u00e4chlich zur L\u00f6sung der Klimakrise beizutragen, muss die Schweiz den Finanzplatz auf Paris-Kurs bringen, \u00e4rmere L\u00e4nder st\u00e4rker unterst\u00fctzen und im Inland den Klimaschutz verst\u00e4rken. Die Treibhausgasemissionen sind bis 2030 um 60 Prozent zu senken und mit zus\u00e4tzlichen Massnahmen im Ausland ist dazu beizutragen, dass in anderen L\u00e4ndern ebenfalls bis 2030 j\u00e4hrlich mindestens so viele Emissionen vermieden werden k\u00f6nnen, wie die Schweiz heute ausst\u00f6sst (rund 50 Millionen Tonnen CO2-\u00c4quivalente pro Jahr) [1].\u00bb<\/p>\n\n<p><strong>Lesen Sie <a rel=\"noreferrer noopener\" href=\"https:\/\/www.greenpeace.org\/international\/press-release\/50751\/cop26-ends-in-glasgow-greenpeace-response\/\" target=\"_blank\">hier die Einsch\u00e4tzung von Greenpeace<\/a> zur gesamten UNO-Weltklimakonferenz COP26 in Glasgow<\/strong>.<\/p>\n\n<h2 class=\"wp-block-heading\">Kontakte&nbsp;<\/h2>\n\n<ul class=\"wp-block-list\"><li>Georg Klingler, Klimaexperte bei Greenpeace Schweiz, +41 79 785 07 38, georg.klingler@greenpeace.org&nbsp;<\/li><li>Medienstelle Greenpeace Schweiz: +41 44 447 41 11, pressestelle.ch@greenpeace.org&nbsp;<\/li><\/ul>\n\n<p>[1] Analyse zur Performance der Schweiz vom klimawissenschaftlichen Thinktank Climate Action Tracker: <a href=\"https:\/\/climateactiontracker.org\/countries\/switzerland\/\">https:\/\/climateactiontracker.org\/countries\/switzerland\/<\/a>&nbsp;<\/p>\n","protected":false},"excerpt":{"rendered":"<p>Bundespr\u00e4sident Guy Parmelin hatte an der UNO-Weltklimakonferenz COP26 in Glasgow als Klimaschutz-Vorreiterin pr\u00e4sentiert. Doch nach zwei Wochen Verhandlungen bleiben von der Schweiz kaum mehr als sch\u00f6ne und eindringliche Worte.\u00a0<\/p>\n","protected":false},"author":39,"featured_media":76914,"comment_status":"closed","ping_status":"closed","sticky":false,"template":"","format":"standard","meta":{"_acf_changed":false,"_planet4_optimize_post_is_variant":false,"_planet4_optimize_experiment_name":"","_planet4_optimize_variant_name":"","ep_exclude_from_search":false,"p4_og_title":"","p4_og_description":"","p4_og_image":"","p4_og_image_id":"","p4_seo_canonical_url":"","p4_campaign_name":"not set","p4_local_project":"not set","p4_basket_name":"not set","p4_department":"","footnotes":""},"categories":[2,1],"tags":[34,50],"p4-page-type":[71],"gpch-article-type":[],"class_list":["post-76910","post","type-post","status-publish","format-standard","has-post-thumbnail","hentry","category-klima","category-unkategorisiert","tag-klimagerechtigkeit","tag-klima","p4-page-type-medienmitteilung"],"acf":[],"_links":{"self":[{"href":"https:\/\/www.greenpeace.ch\/de\/wp-json\/wp\/v2\/posts\/76910","targetHints":{"allow":["GET"]}}],"collection":[{"href":"https:\/\/www.greenpeace.ch\/de\/wp-json\/wp\/v2\/posts"}],"about":[{"href":"https:\/\/www.greenpeace.ch\/de\/wp-json\/wp\/v2\/types\/post"}],"author":[{"embeddable":true,"href":"https:\/\/www.greenpeace.ch\/de\/wp-json\/wp\/v2\/users\/39"}],"replies":[{"embeddable":true,"href":"https:\/\/www.greenpeace.ch\/de\/wp-json\/wp\/v2\/comments?post=76910"}],"version-history":[{"count":0,"href":"https:\/\/www.greenpeace.ch\/de\/wp-json\/wp\/v2\/posts\/76910\/revisions"}],"wp:featuredmedia":[{"embeddable":true,"href":"https:\/\/www.greenpeace.ch\/de\/wp-json\/wp\/v2\/media\/76914"}],"wp:attachment":[{"href":"https:\/\/www.greenpeace.ch\/de\/wp-json\/wp\/v2\/media?parent=76910"}],"wp:term":[{"taxonomy":"category","embeddable":true,"href":"https:\/\/www.greenpeace.ch\/de\/wp-json\/wp\/v2\/categories?post=76910"},{"taxonomy":"post_tag","embeddable":true,"href":"https:\/\/www.greenpeace.ch\/de\/wp-json\/wp\/v2\/tags?post=76910"},{"taxonomy":"p4-page-type","embeddable":true,"href":"https:\/\/www.greenpeace.ch\/de\/wp-json\/wp\/v2\/p4-page-type?post=76910"},{"taxonomy":"gpch-article-type","embeddable":true,"href":"https:\/\/www.greenpeace.ch\/de\/wp-json\/wp\/v2\/gpch-article-type?post=76910"}],"curies":[{"name":"wp","href":"https:\/\/api.w.org\/{rel}","templated":true}]}}