{"id":7736,"date":"1997-02-23T00:00:00","date_gmt":"1997-02-22T22:00:00","guid":{"rendered":"https:\/\/master.greenpeace.ch\/beitrag\/7736\/lastwagensperre-von-deutscher-polizei-geraeumt\/"},"modified":"2019-05-30T08:13:56","modified_gmt":"2019-05-30T06:13:56","slug":"lastwagensperre-von-deutscher-polizei-geraeumt","status":"publish","type":"post","link":"https:\/\/www.greenpeace.ch\/de\/medienmitteilung\/7736\/lastwagensperre-von-deutscher-polizei-geraeumt\/","title":{"rendered":"Lastwagensperre von deutscher Polizei ger\u00e4umt"},"content":{"rendered":"<p><b>Nach sechs Stunden haben rund dreissig Beamte der deutschen Polizei mit der R\u00e4umung der Lastwagensperre am Autobahn-Grenz\u00fcbergang Basel\/Weil am Rhein begonnen. Vierzehn Greenpeace-AktivistInnen sind festgenommen worden.<\/b><\/p>\n<div>\n<p class=\"bodytext\"><span class=\"date\">Basel\/Weil am Rhein. <\/span><span class=\"text\"> Greenpeace-AktivistInnen aus Deutschland, \u00d6sterreich und der Schweiz haben heute morgen mit einer &#171;Stop dem EU-Transitterror&#187;-Barrikade beim Autobahnzoll Basel\/Weil am Rhein die Schweizer Grenze f\u00fcr Lastwagen dichtgemacht. Die Protestaktion richtete sich gegen die zunehmende Lastwagen-Transitlawine aus der EU und die schleichende Aufhebung der 28-Tonnen-Gewichtslimite durch die Schweizer Beh\u00f6rden. Der 1994 von den Schweizer Stimmmberechtigen angenommene Alpenschutz-Artikel verlangt eine Verlagerung des alpenquerenden G\u00fcterverkehrs von der Strasse auf die Schiene. Die in der Schweiz geltende 28-Tonnen-Limite f\u00fcr Lastwagen sch\u00fctzt unser Land vor der EU-Transitlawine. Sie darf erst dann gelockert werden, wenn der Alpenschutz-Artikel umgesetzt und eine wirksame, d.h. effektiv verkehrsumlagernde Schwerverkehrsabgabe (LSVA) in Kraft ist. Die EU dr\u00e4ngt auf eine rasche Beseitigung der Gewichtsbeschr\u00e4nkung und stellt sich gegen die Kostenwahrheit zwischen Schiene und Strasse. Gem\u00e4ss Prognosen des Bundesamtes f\u00fcr Umwelt, Wald und Landschaft wird der G\u00fcterverkehr durch die Schweiz bis ins Jahr 2010 um 63 Prozent zunehmen. Damit werden allein vom Treibhausgas CO2 1,5 Mio. Tonnen mehr ausgestossen.<\/p>\n<p>                               <\/span><br \/>\n<span class=\"text\"><strong>Kontakt:<\/strong><br \/>   Judith Bucher, Koordinatorin der Verkehrskampagne 01 \/ 447 41 41 <br \/><\/span><\/p>\n<\/div>\n","protected":false},"excerpt":{"rendered":"<p>Nach sechs Stunden haben rund dreissig Beamte der deutschen Polizei mit der R\u00e4umung der Lastwagensperre am Autobahn-Grenz\u00fcbergang Basel\/Weil am Rhein begonnen. Vierzehn Greenpeace-AktivistInnen sind festgenommen worden. Basel\/Weil am Rhein. Greenpeace-AktivistInnen&hellip;<\/p>\n","protected":false},"author":23,"featured_media":0,"comment_status":"closed","ping_status":"open","sticky":false,"template":"","format":"standard","meta":{"_acf_changed":false,"_planet4_optimize_post_is_variant":false,"_planet4_optimize_experiment_name":"","_planet4_optimize_variant_name":"","ep_exclude_from_search":false,"p4_og_title":"","p4_og_description":"","p4_og_image":"","p4_og_image_id":"","p4_seo_canonical_url":"","p4_campaign_name":"","p4_local_project":"","p4_basket_name":"","p4_department":"","footnotes":""},"categories":[1],"tags":[50],"p4-page-type":[71],"gpch-article-type":[],"class_list":["post-7736","post","type-post","status-publish","format-standard","hentry","category-unkategorisiert","tag-klima","p4-page-type-medienmitteilung"],"acf":[],"_links":{"self":[{"href":"https:\/\/www.greenpeace.ch\/de\/wp-json\/wp\/v2\/posts\/7736","targetHints":{"allow":["GET"]}}],"collection":[{"href":"https:\/\/www.greenpeace.ch\/de\/wp-json\/wp\/v2\/posts"}],"about":[{"href":"https:\/\/www.greenpeace.ch\/de\/wp-json\/wp\/v2\/types\/post"}],"author":[{"embeddable":true,"href":"https:\/\/www.greenpeace.ch\/de\/wp-json\/wp\/v2\/users\/23"}],"replies":[{"embeddable":true,"href":"https:\/\/www.greenpeace.ch\/de\/wp-json\/wp\/v2\/comments?post=7736"}],"version-history":[{"count":0,"href":"https:\/\/www.greenpeace.ch\/de\/wp-json\/wp\/v2\/posts\/7736\/revisions"}],"wp:attachment":[{"href":"https:\/\/www.greenpeace.ch\/de\/wp-json\/wp\/v2\/media?parent=7736"}],"wp:term":[{"taxonomy":"category","embeddable":true,"href":"https:\/\/www.greenpeace.ch\/de\/wp-json\/wp\/v2\/categories?post=7736"},{"taxonomy":"post_tag","embeddable":true,"href":"https:\/\/www.greenpeace.ch\/de\/wp-json\/wp\/v2\/tags?post=7736"},{"taxonomy":"p4-page-type","embeddable":true,"href":"https:\/\/www.greenpeace.ch\/de\/wp-json\/wp\/v2\/p4-page-type?post=7736"},{"taxonomy":"gpch-article-type","embeddable":true,"href":"https:\/\/www.greenpeace.ch\/de\/wp-json\/wp\/v2\/gpch-article-type?post=7736"}],"curies":[{"name":"wp","href":"https:\/\/api.w.org\/{rel}","templated":true}]}}