{"id":7802,"date":"1996-08-21T00:00:00","date_gmt":"1996-08-20T22:00:00","guid":{"rendered":"https:\/\/master.greenpeace.ch\/beitrag\/7802\/muehleberg-zutritt-nur-zu-fuss\/"},"modified":"2019-05-30T08:15:42","modified_gmt":"2019-05-30T06:15:42","slug":"muehleberg-zutritt-nur-zu-fuss","status":"publish","type":"post","link":"https:\/\/www.greenpeace.ch\/de\/medienmitteilung\/7802\/muehleberg-zutritt-nur-zu-fuss\/","title":{"rendered":"M\u00fchleberg: Zutritt nur zu Fuss"},"content":{"rendered":"<p><b>Die Besetzung der Werkstore des AKW M\u00fchleberg durch Greenpeace wird nach wie vor aufrechterhalten. Nach Angaben der Bernischen Kraftwerke BKW sind am Morgen 600 Arbeitskr\u00e4fte 2 Stunden lang von der Arbeit abgehalten worden, bevor sie durch ein von den Kraftwerksbetreibern geschnittenes Loch im Zaun auf das Gel\u00e4nde gelangen konnten. Allerdings ist das Kraftwerk bloss zu Fuss erreichbar. F\u00fcr die Revisionsarbeiten ben\u00f6tigtes Material kann nach wie vor nicht angeliefert werden. Mit ihrem Ausharren bekr\u00e4ftigten die AktivistInnen die Forderung, dass das AKW M\u00fchleberg nach der Revision nicht mehr ans Netz gehen darf, sondern stillgelegt werden muss.<\/b><\/p>\n<div>\n<p class=\"bodytext\"><span class=\"date\">M\u00fchleberg. <\/span><span class=\"text\"> Laut BKW-eigenen Angaben seien 600 MitarbeiterInnen des Kraftwerkes und von Drittfirmen w\u00e4hrend zweier Stunden an der Arbeit gehindert worden. Um ihnen die Zeit zu verk\u00fcrzen, schenkten die Greenpeace-AktivistInnen Kaffee aus und verteilten Gipfeli. Mit der Polizei ist es zu keinen Zwischenf\u00e4llen gekommen. Sie hat die Personalien der BesetzerInnen aufgenommen und sich nachher wieder zur\u00fcckgezogen. Die AktivistInnen bleiben nach wie vor an die Werkstore gekettet, um Materiallieferungen ins Kraftwerk unm\u00f6glich zu machen. In einer Mitteilung logen die BKW den Medien vor, Greenpeace habe gleichzeitig &#171;die Mitarbeiter der Nachtschicht am Verlassen der Anlage gehindert&#187;. Dies ist nachweislich falsch. Denn der Kraftwerksleitung wurde zu Aktionsbeginn schriftlich mitgeteilt, dass niemand am Verlassen des Kraftwerksareals gehindert werde. Das Lastwagentor stehe allen offen, die den Altreaktor verlassen wollen. Allerdings mochte in den ersten Stunden niemand unter den Angestellten von diesem Angebot Gebrauch zu machen.<\/p>\n<p> <\/span> <span class=\"text\"><strong>Kontakt:<\/strong><br \/> Ueli M\u00fcller, Koordinator der Atomkampagne 01 \/ 447 41 41<br \/><\/span><\/p>\n<\/div>\n","protected":false},"excerpt":{"rendered":"<p>Die Besetzung der Werkstore des AKW M\u00fchleberg durch Greenpeace wird nach wie vor aufrechterhalten. Nach Angaben der Bernischen Kraftwerke BKW sind am Morgen 600 Arbeitskr\u00e4fte 2 Stunden lang von der&hellip;<\/p>\n","protected":false},"author":23,"featured_media":0,"comment_status":"closed","ping_status":"open","sticky":false,"template":"","format":"standard","meta":{"_acf_changed":false,"_planet4_optimize_post_is_variant":false,"_planet4_optimize_experiment_name":"","_planet4_optimize_variant_name":"","ep_exclude_from_search":false,"p4_og_title":"","p4_og_description":"","p4_og_image":"","p4_og_image_id":"","p4_seo_canonical_url":"","p4_campaign_name":"","p4_local_project":"","p4_basket_name":"","p4_department":"","footnotes":""},"categories":[1],"tags":[42],"p4-page-type":[71],"gpch-article-type":[],"class_list":["post-7802","post","type-post","status-publish","format-standard","hentry","category-unkategorisiert","tag-energie","p4-page-type-medienmitteilung"],"acf":[],"_links":{"self":[{"href":"https:\/\/www.greenpeace.ch\/de\/wp-json\/wp\/v2\/posts\/7802","targetHints":{"allow":["GET"]}}],"collection":[{"href":"https:\/\/www.greenpeace.ch\/de\/wp-json\/wp\/v2\/posts"}],"about":[{"href":"https:\/\/www.greenpeace.ch\/de\/wp-json\/wp\/v2\/types\/post"}],"author":[{"embeddable":true,"href":"https:\/\/www.greenpeace.ch\/de\/wp-json\/wp\/v2\/users\/23"}],"replies":[{"embeddable":true,"href":"https:\/\/www.greenpeace.ch\/de\/wp-json\/wp\/v2\/comments?post=7802"}],"version-history":[{"count":0,"href":"https:\/\/www.greenpeace.ch\/de\/wp-json\/wp\/v2\/posts\/7802\/revisions"}],"wp:attachment":[{"href":"https:\/\/www.greenpeace.ch\/de\/wp-json\/wp\/v2\/media?parent=7802"}],"wp:term":[{"taxonomy":"category","embeddable":true,"href":"https:\/\/www.greenpeace.ch\/de\/wp-json\/wp\/v2\/categories?post=7802"},{"taxonomy":"post_tag","embeddable":true,"href":"https:\/\/www.greenpeace.ch\/de\/wp-json\/wp\/v2\/tags?post=7802"},{"taxonomy":"p4-page-type","embeddable":true,"href":"https:\/\/www.greenpeace.ch\/de\/wp-json\/wp\/v2\/p4-page-type?post=7802"},{"taxonomy":"gpch-article-type","embeddable":true,"href":"https:\/\/www.greenpeace.ch\/de\/wp-json\/wp\/v2\/gpch-article-type?post=7802"}],"curies":[{"name":"wp","href":"https:\/\/api.w.org\/{rel}","templated":true}]}}